{"id":215455,"date":"2025-04-19T17:17:04","date_gmt":"2025-04-19T17:17:04","guid":{"rendered":"https:\/\/rnoticias.com.mx\/Portal\/?p=215455"},"modified":"2025-04-19T17:17:04","modified_gmt":"2025-04-19T17:17:04","slug":"invita-ayuntamiento-de-hermosillo-a-participar-con-la-mejor-fotografia-del-arbol-de-palo-verde","status":"publish","type":"post","link":"https:\/\/rnoticias.com.mx\/Portal\/2025\/04\/19\/invita-ayuntamiento-de-hermosillo-a-participar-con-la-mejor-fotografia-del-arbol-de-palo-verde\/","title":{"rendered":"Invita Ayuntamiento de Hermosillo a participar con la mejor fotograf\u00eda del \u00e1rbol de Palo Verde"},"content":{"rendered":"<p><b data-olk-copy-source=\"MessageBody\">Hermosillo, Sonora, 19 de abril, 2025.<\/b>\u00a0Las y los hermosillenses pueden plasmar en una fotograf\u00eda la belleza de la flora des\u00e9rtica y ganar un premio econ\u00f3mico en la convocatoria de fotograf\u00eda \u201cEl Sol del Desierto\u201d, inform\u00f3 Marianna Gonz\u00e1lez Gast\u00e9lum, Directora General del Instituto Municipal de Cultura y Arte, IMCA.<\/p>\n<p aria-hidden=\"true\">\n<p>La titular del IMCA manifest\u00f3 que el protagonista de esta convocatoria es el \u00e1rbol de palo verde y su flor amarilla que en esta \u00e9poca del a\u00f1o decora las principales avenidas y calles de Hermosillo embelleciendo la ciudad.<\/p>\n<p aria-hidden=\"true\">\n<p>\u201cEl protagonista es el \u00e1rbol palo verde con sus flores y pueden retratarlo en su entorno natural, en detalle junto a la fauna local o en contextos urbanos como los camellones donde han sido instalados por el Gobierno Municipal\u201d, detall\u00f3.<\/p>\n<p aria-hidden=\"true\">\n<p>Precis\u00f3 que las y los interesados deber\u00e1n enviar sus im\u00e1genes a m\u00e1s tardar a las 23:59 horas del s\u00e1bado 19 de abril del presente a\u00f1o al correo comunicaciondigital@hermosillo.gob.mx<\/p>\n<p aria-hidden=\"true\">\n<p>Las fotograf\u00edas concursantes ser\u00e1n publicadas en las redes oficiales del Ayuntamiento de Hermosillo el domingo 20 de abril, donde el ganador ser\u00e1 el que alcance el mayor n\u00famero de \u201clikes\u201d org\u00e1nicos del domingo 20 al lunes 21 de abril.<\/p>\n<p aria-hidden=\"true\">\n<p>El resultado de la persona ganadora se dar\u00e1 a conocer el martes 22 de abril, quien recibir\u00e1 un premio de 5 mil pesos y adem\u00e1s las 30 mejores fotograf\u00edas ser\u00e1n exhibidas en una exposici\u00f3n temporal en Palacio Municipal de Hermosillo.<\/p>\n<p aria-hidden=\"true\">\n<p>La convocatoria puede consultarse en las redes del IMCA y del Ayuntamiento de Hermosillo.<\/p>\n","protected":false},"excerpt":{"rendered":"<p>Hermosillo, Sonora, 19 de abril, 2025.\u00a0Las y los hermosillenses pueden plasmar en una fotograf\u00eda la belleza de la flora des\u00e9rtica y ganar un premio econ\u00f3mico en la convocatoria de fotograf\u00eda \u201cEl Sol del Desierto\u201d, inform\u00f3 Marianna Gonz\u00e1lez Gast\u00e9lum, Directora General del Instituto Municipal de Cultura y Arte, IMCA. La titular del IMCA manifest\u00f3 que el [&hellip;]<\/p>\n","protected":false},"author":2,"featured_media":215456,"comment_status":"closed","ping_status":"closed","sticky":false,"template":"","format":"standard","meta":{"footnotes":""},"categories":[12870,178],"tags":[12865,12869],"class_list":["post-215455","post","type-post","status-publish","format-standard","has-post-thumbnail","hentry","category-destacadas","category-local","tag-destacadas","tag-local"],"jetpack_featured_media_url":"https:\/\/rnoticias.com.mx\/Portal\/wp-content\/uploads\/2025\/04\/Invita-Ayuntamiento-de-Hermosillo-a-participar-con-la-mejor-fotografia-del-arbol-de-Palo-Verde1.jpg","amp_enabled":true,"_links":{"self":[{"href":"https:\/\/rnoticias.com.mx\/Portal\/wp-json\/wp\/v2\/posts\/215455","targetHints":{"allow":["GET"]}}],"collection":[{"href":"https:\/\/rnoticias.com.mx\/Portal\/wp-json\/wp\/v2\/posts"}],"about":[{"href":"https:\/\/rnoticias.com.mx\/Portal\/wp-json\/wp\/v2\/types\/post"}],"author":[{"embeddable":true,"href":"https:\/\/rnoticias.com.mx\/Portal\/wp-json\/wp\/v2\/users\/2"}],"replies":[{"embeddable":true,"href":"https:\/\/rnoticias.com.mx\/Portal\/wp-json\/wp\/v2\/comments?post=215455"}],"version-history":[{"count":1,"href":"https:\/\/rnoticias.com.mx\/Portal\/wp-json\/wp\/v2\/posts\/215455\/revisions"}],"predecessor-version":[{"id":215457,"href":"https:\/\/rnoticias.com.mx\/Portal\/wp-json\/wp\/v2\/posts\/215455\/revisions\/215457"}],"wp:featuredmedia":[{"embeddable":true,"href":"https:\/\/rnoticias.com.mx\/Portal\/wp-json\/wp\/v2\/media\/215456"}],"wp:attachment":[{"href":"https:\/\/rnoticias.com.mx\/Portal\/wp-json\/wp\/v2\/media?parent=215455"}],"wp:term":[{"taxonomy":"category","embeddable":true,"href":"https:\/\/rnoticias.com.mx\/Portal\/wp-json\/wp\/v2\/categories?post=215455"},{"taxonomy":"post_tag","embeddable":true,"href":"https:\/\/rnoticias.com.mx\/Portal\/wp-json\/wp\/v2\/tags?post=215455"}],"curies":[{"name":"wp","href":"https:\/\/api.w.org\/{rel}","templated":true}]}}