{"id":215436,"date":"2025-04-19T04:54:42","date_gmt":"2025-04-19T04:54:42","guid":{"rendered":"https:\/\/rnoticias.com.mx\/Portal\/?p=215436"},"modified":"2025-04-19T04:54:42","modified_gmt":"2025-04-19T04:54:42","slug":"gobierno-de-sonora-hace-llamado-a-manejar-con-precaucion-durante-estas-vacaciones-salud-sonora","status":"publish","type":"post","link":"https:\/\/rnoticias.com.mx\/Portal\/2025\/04\/19\/gobierno-de-sonora-hace-llamado-a-manejar-con-precaucion-durante-estas-vacaciones-salud-sonora\/","title":{"rendered":"Gobierno de Sonora hace llamado a manejar con precauci\u00f3n durante estas vacaciones: Salud Sonora"},"content":{"rendered":"<p>Hermosillo, Sonora; 18 de abril de 2025.- La Secretar\u00eda de Salud del Gobierno de Sonora (SSP), a trav\u00e9s del Consejo Estatal para la Prevenci\u00f3n de los Accidentes (Coepra), hizo un llamado a la poblaci\u00f3n para que extreme precauciones al conducir durante esta temporada vacacional.<\/p>\n<p>&nbsp;<\/p>\n<p>Durante los d\u00edas de asueto por Semana Santa, el tr\u00e1fico vehicular suele incrementarse, principalmente en las salidas de las ciudades y en las carreteras. Por ello, la dependencia recomend\u00f3 utilizar correctamente todos los elementos de seguridad del veh\u00edculo, como el cintur\u00f3n de seguridad para cada ocupante, y el sistema de retenci\u00f3n infantil \u2014portabeb\u00e9s o sillas especiales bien sujetadas\u2014 en el caso de ni\u00f1as y ni\u00f1os peque\u00f1os.<\/p>\n<p>&nbsp;<\/p>\n<p>Resalt\u00f3 la importancia de no conducir si se est\u00e1 cansado, somnoliento o bajo los efectos del alcohol, ya que estas condiciones aumentan considerablemente el riesgo de sufrir un accidente. Manejar respetando los l\u00edmites de velocidad, manteniendo una distancia prudente con otros veh\u00edculos y estar completamente concentrado al volante puede marcar la diferencia.<\/p>\n<p>&nbsp;<\/p>\n<p>Es fundamental evitar distractores como el uso de tel\u00e9fono celular, comer o escuchar m\u00fasica a volumen muy alto mientras se conduce.<\/p>\n<p>&nbsp;<\/p>\n<p>Coepra tambi\u00e9n exhorta a mantener la cabina del veh\u00edculo ventilada, usar ropa c\u00f3moda y revisar el estado del auto antes, durante y despu\u00e9s del viaje. Esto incluye verificar la presi\u00f3n y condiciones de las llantas, el sistema de frenos, luces, niveles de l\u00edquidos, plumillas del limpiaparabrisas, bater\u00eda, y asegurarse de llevar el tanque de gasolina lleno.<\/p>\n<p>&nbsp;<\/p>\n<p>En caso de una emergencia, la ciudadan\u00eda puede comunicarse al 9-1-1, donde personal del Centro Regulador de Urgencias M\u00e9dicas (CRUM), compuesto por m\u00e9dicos capacitados, est\u00e1 disponible las 24 horas del d\u00eda, los siete d\u00edas de la semana.<\/p>\n<p>El Gobierno de Sonora invita a la poblaci\u00f3n a manejar con responsabilidad, cuidar de los suyos y regresar con bien a casa.<\/p>\n","protected":false},"excerpt":{"rendered":"<p>Hermosillo, Sonora; 18 de abril de 2025.- La Secretar\u00eda de Salud del Gobierno de Sonora (SSP), a trav\u00e9s del Consejo Estatal para la Prevenci\u00f3n de los Accidentes (Coepra), hizo un llamado a la poblaci\u00f3n para que extreme precauciones al conducir durante esta temporada vacacional. &nbsp; Durante los d\u00edas de asueto por Semana Santa, el tr\u00e1fico [&hellip;]<\/p>\n","protected":false},"author":2,"featured_media":215437,"comment_status":"closed","ping_status":"closed","sticky":false,"template":"","format":"standard","meta":{"footnotes":""},"categories":[12870,178],"tags":[12865,12869],"class_list":["post-215436","post","type-post","status-publish","format-standard","has-post-thumbnail","hentry","category-destacadas","category-local","tag-destacadas","tag-local"],"jetpack_featured_media_url":"https:\/\/rnoticias.com.mx\/Portal\/wp-content\/uploads\/2025\/04\/unnamed-86.jpg","amp_enabled":true,"_links":{"self":[{"href":"https:\/\/rnoticias.com.mx\/Portal\/wp-json\/wp\/v2\/posts\/215436","targetHints":{"allow":["GET"]}}],"collection":[{"href":"https:\/\/rnoticias.com.mx\/Portal\/wp-json\/wp\/v2\/posts"}],"about":[{"href":"https:\/\/rnoticias.com.mx\/Portal\/wp-json\/wp\/v2\/types\/post"}],"author":[{"embeddable":true,"href":"https:\/\/rnoticias.com.mx\/Portal\/wp-json\/wp\/v2\/users\/2"}],"replies":[{"embeddable":true,"href":"https:\/\/rnoticias.com.mx\/Portal\/wp-json\/wp\/v2\/comments?post=215436"}],"version-history":[{"count":1,"href":"https:\/\/rnoticias.com.mx\/Portal\/wp-json\/wp\/v2\/posts\/215436\/revisions"}],"predecessor-version":[{"id":215438,"href":"https:\/\/rnoticias.com.mx\/Portal\/wp-json\/wp\/v2\/posts\/215436\/revisions\/215438"}],"wp:featuredmedia":[{"embeddable":true,"href":"https:\/\/rnoticias.com.mx\/Portal\/wp-json\/wp\/v2\/media\/215437"}],"wp:attachment":[{"href":"https:\/\/rnoticias.com.mx\/Portal\/wp-json\/wp\/v2\/media?parent=215436"}],"wp:term":[{"taxonomy":"category","embeddable":true,"href":"https:\/\/rnoticias.com.mx\/Portal\/wp-json\/wp\/v2\/categories?post=215436"},{"taxonomy":"post_tag","embeddable":true,"href":"https:\/\/rnoticias.com.mx\/Portal\/wp-json\/wp\/v2\/tags?post=215436"}],"curies":[{"name":"wp","href":"https:\/\/api.w.org\/{rel}","templated":true}]}}