{"id":215433,"date":"2025-04-19T04:53:46","date_gmt":"2025-04-19T04:53:46","guid":{"rendered":"https:\/\/rnoticias.com.mx\/Portal\/?p=215433"},"modified":"2025-04-19T04:53:46","modified_gmt":"2025-04-19T04:53:46","slug":"familias-hermosillenses-se-benefician-con-traslados-gratis-al-parque-madero-y-el-carcamo-en-el-transporte-electrico-h-bus","status":"publish","type":"post","link":"https:\/\/rnoticias.com.mx\/Portal\/2025\/04\/19\/familias-hermosillenses-se-benefician-con-traslados-gratis-al-parque-madero-y-el-carcamo-en-el-transporte-electrico-h-bus\/","title":{"rendered":"Familias hermosillenses se benefician con traslados gratis al Parque Madero y El C\u00e1rcamo en el transporte el\u00e9ctrico H Bus"},"content":{"rendered":"<p><b data-olk-copy-source=\"MessageBody\">Hermosillo, Sonora; 18 de abril, 2025.-*<\/b>\u00a0Como parte de las experiencias de disfrute que el Gobierno Municipal de Hermosillo prepar\u00f3 para las familias hermosillenses durante la Semana Santa, las unidades el\u00e9ctricas del sistema H Bus fueron puestas a disposici\u00f3n para traslados gratuitos al C\u00e1rcamo y el Parque Madero, en la semana del 14 al 18 de abril.<\/p>\n<p aria-hidden=\"true\">\n<p>Los Centros H\u00e1bitat Las Minitas, Los Olivos y Caf\u00e9 Combate se convirtieron en estaciones temporales, con salidas a las 16:00 horas y a las 17:30 horas y regreso a las 20:30 horas en ambos destinos.<\/p>\n<p aria-hidden=\"true\">\n<p>Personas de todas edades aprovecharon esta oportunidad de desplazarse en veh\u00edculos modernos y c\u00f3modos que no requieren gasolina y de paso disfrutar por varias horas de los atractivos tanto del parque Madero como del complejo deportivo y recreativo El C\u00e1rcamo.<\/p>\n<p aria-hidden=\"true\">\n<p>La se\u00f1ora Zaida Mendoza F\u00e9lix, de la colonia San Luis, abord\u00f3 uno de los autobuses junto con sus hijos menores, quienes prepararon una divertida velada que tendr\u00eda como remate un remoj\u00f3n en una de las fuentes del Parque Madero.<\/p>\n<p aria-hidden=\"true\">\n<p>\u201cEs muy c\u00f3modo, est\u00e1 muy accesible, no batallas para subirte ni nada, est\u00e1 muy pr\u00e1ctico, no hace ruido, no se menea mucho, no bota\u201d, relat\u00f3 sobre su primera experiencia en un H Bus.<\/p>\n<p aria-hidden=\"true\">\n<p>La se\u00f1ora Yesica Selene Galindo L\u00f3pez, residente de la colonia Caf\u00e9 Combate tambi\u00e9n aprovech\u00f3 el traslado gratuito en unidades el\u00e9ctricas refrigeradas que el Ayuntamiento de Hermosillo puso a su disposici\u00f3n y aprovech\u00f3 para agradecer al Presidente Municipal Antonio Astiazar\u00e1n por impulsar este tipo de estrategias para la diversi\u00f3n de las familias.<\/p>\n","protected":false},"excerpt":{"rendered":"<p>Hermosillo, Sonora; 18 de abril, 2025.-*\u00a0Como parte de las experiencias de disfrute que el Gobierno Municipal de Hermosillo prepar\u00f3 para las familias hermosillenses durante la Semana Santa, las unidades el\u00e9ctricas del sistema H Bus fueron puestas a disposici\u00f3n para traslados gratuitos al C\u00e1rcamo y el Parque Madero, en la semana del 14 al 18 de [&hellip;]<\/p>\n","protected":false},"author":2,"featured_media":215434,"comment_status":"closed","ping_status":"closed","sticky":false,"template":"","format":"standard","meta":{"footnotes":""},"categories":[12870,178],"tags":[12865,12869],"class_list":["post-215433","post","type-post","status-publish","format-standard","has-post-thumbnail","hentry","category-destacadas","category-local","tag-destacadas","tag-local"],"jetpack_featured_media_url":"https:\/\/rnoticias.com.mx\/Portal\/wp-content\/uploads\/2025\/04\/Familias-hermosillenses-viajan-gratis-al-Parque-Madero-y-El-Carcamo-en-el-transporte-electrico-H-Bus4-scaled.jpg","amp_enabled":true,"_links":{"self":[{"href":"https:\/\/rnoticias.com.mx\/Portal\/wp-json\/wp\/v2\/posts\/215433","targetHints":{"allow":["GET"]}}],"collection":[{"href":"https:\/\/rnoticias.com.mx\/Portal\/wp-json\/wp\/v2\/posts"}],"about":[{"href":"https:\/\/rnoticias.com.mx\/Portal\/wp-json\/wp\/v2\/types\/post"}],"author":[{"embeddable":true,"href":"https:\/\/rnoticias.com.mx\/Portal\/wp-json\/wp\/v2\/users\/2"}],"replies":[{"embeddable":true,"href":"https:\/\/rnoticias.com.mx\/Portal\/wp-json\/wp\/v2\/comments?post=215433"}],"version-history":[{"count":1,"href":"https:\/\/rnoticias.com.mx\/Portal\/wp-json\/wp\/v2\/posts\/215433\/revisions"}],"predecessor-version":[{"id":215435,"href":"https:\/\/rnoticias.com.mx\/Portal\/wp-json\/wp\/v2\/posts\/215433\/revisions\/215435"}],"wp:featuredmedia":[{"embeddable":true,"href":"https:\/\/rnoticias.com.mx\/Portal\/wp-json\/wp\/v2\/media\/215434"}],"wp:attachment":[{"href":"https:\/\/rnoticias.com.mx\/Portal\/wp-json\/wp\/v2\/media?parent=215433"}],"wp:term":[{"taxonomy":"category","embeddable":true,"href":"https:\/\/rnoticias.com.mx\/Portal\/wp-json\/wp\/v2\/categories?post=215433"},{"taxonomy":"post_tag","embeddable":true,"href":"https:\/\/rnoticias.com.mx\/Portal\/wp-json\/wp\/v2\/tags?post=215433"}],"curies":[{"name":"wp","href":"https:\/\/api.w.org\/{rel}","templated":true}]}}