{"id":215424,"date":"2025-04-19T04:41:04","date_gmt":"2025-04-19T04:41:04","guid":{"rendered":"https:\/\/rnoticias.com.mx\/Portal\/?p=215424"},"modified":"2025-04-19T04:41:04","modified_gmt":"2025-04-19T04:41:04","slug":"llama-ayuntamiento-de-hermosillo-a-atender-recomendaciones-para-unas-vacaciones-seguras-esta-semana-santa","status":"publish","type":"post","link":"https:\/\/rnoticias.com.mx\/Portal\/2025\/04\/19\/llama-ayuntamiento-de-hermosillo-a-atender-recomendaciones-para-unas-vacaciones-seguras-esta-semana-santa\/","title":{"rendered":"Llama Ayuntamiento de Hermosillo a atender recomendaciones para unas vacaciones seguras esta Semana Santa"},"content":{"rendered":"<p><b data-olk-copy-source=\"MessageBody\">Hermosillo, Sonora; 18 de abril, 2025.-\u00a0<\/b>La Coordinaci\u00f3n Municipal de Protecci\u00f3n Civil (CMPC) reitera el llamado a quienes van a salir de sus hogares a disfrutar sus d\u00edas de asueto por Semana Santa e que tomen precauciones b\u00e1sicas necesarias por el bien de sus familias, bienes y mascotas.<\/p>\n<p aria-hidden=\"true\">\n<p>\u201cA quienes van a viajar, recomendarles que encarguen a sus vecinos m\u00e1s cercanos su casa, que desconecten los aparatos el\u00e9ctricos y electr\u00f3nicos, que cierren las v\u00e1lvulas de gas, que revisen bien su veh\u00edculo, que no manejen cansados y sobre todo que no conduzcan consumiendo bebidas alcoh\u00f3licas\u201d, recomend\u00f3 Fernando Morales Flores, titular de la CMPC.<\/p>\n<p aria-hidden=\"true\">\n<p>El funcionario municipal sugiri\u00f3 incluir en el equipaje de viaje un kit de primeros auxilios y herramientas que puedan sacar de un apuro en caso de sufrir un desperfecto mec\u00e1nico.<\/p>\n<p aria-hidden=\"true\">\n<p>En el caso espec\u00edfico de que su plan sea disfrutar las playas de Bah\u00eda de Kino record\u00f3 que por motivos de seguridad est\u00e1 prohibido llevar y consumir bebidas en envases de vidrio en la zona de playa.<\/p>\n<p aria-hidden=\"true\">\n<p>Invit\u00f3 a vacacionistas y residentes a prevenir quemaduras en la piel llevando protector solar ya que el balneario est\u00e1 bastante soleado la mayor parte del d\u00eda.<\/p>\n<p aria-hidden=\"true\">\n<p>A las familias que permanecer\u00e1n en sus hogares esta Semana Santa les record\u00f3 que todos las corporaciones y cuerpos de rescate del municipio estar\u00e1n disponibles para brindarles asistencia y auxilio en caso necesario.<\/p>\n<p aria-hidden=\"true\">\n<p>Mencion\u00f3 que dentro de la ciudad el Gobierno Municipal prepar\u00f3 para su disfrute espacios p\u00fablicos como la Plaza Zaragoza, El Parque Madero y las comunidades del \u00e1rea rural oriente.<\/p>\n","protected":false},"excerpt":{"rendered":"<p>Hermosillo, Sonora; 18 de abril, 2025.-\u00a0La Coordinaci\u00f3n Municipal de Protecci\u00f3n Civil (CMPC) reitera el llamado a quienes van a salir de sus hogares a disfrutar sus d\u00edas de asueto por Semana Santa e que tomen precauciones b\u00e1sicas necesarias por el bien de sus familias, bienes y mascotas. \u201cA quienes van a viajar, recomendarles que encarguen [&hellip;]<\/p>\n","protected":false},"author":2,"featured_media":215425,"comment_status":"closed","ping_status":"closed","sticky":false,"template":"","format":"standard","meta":{"footnotes":""},"categories":[12870,178],"tags":[12865,12869],"class_list":["post-215424","post","type-post","status-publish","format-standard","has-post-thumbnail","hentry","category-destacadas","category-local","tag-destacadas","tag-local"],"jetpack_featured_media_url":"https:\/\/rnoticias.com.mx\/Portal\/wp-content\/uploads\/2025\/04\/Llama-Ayuntamiento-de-Hermosillo-a-atender-recomendaciones-para-unas-vacaciones-seguras-esta-Semana-Santa3.jpg","amp_enabled":true,"_links":{"self":[{"href":"https:\/\/rnoticias.com.mx\/Portal\/wp-json\/wp\/v2\/posts\/215424","targetHints":{"allow":["GET"]}}],"collection":[{"href":"https:\/\/rnoticias.com.mx\/Portal\/wp-json\/wp\/v2\/posts"}],"about":[{"href":"https:\/\/rnoticias.com.mx\/Portal\/wp-json\/wp\/v2\/types\/post"}],"author":[{"embeddable":true,"href":"https:\/\/rnoticias.com.mx\/Portal\/wp-json\/wp\/v2\/users\/2"}],"replies":[{"embeddable":true,"href":"https:\/\/rnoticias.com.mx\/Portal\/wp-json\/wp\/v2\/comments?post=215424"}],"version-history":[{"count":1,"href":"https:\/\/rnoticias.com.mx\/Portal\/wp-json\/wp\/v2\/posts\/215424\/revisions"}],"predecessor-version":[{"id":215426,"href":"https:\/\/rnoticias.com.mx\/Portal\/wp-json\/wp\/v2\/posts\/215424\/revisions\/215426"}],"wp:featuredmedia":[{"embeddable":true,"href":"https:\/\/rnoticias.com.mx\/Portal\/wp-json\/wp\/v2\/media\/215425"}],"wp:attachment":[{"href":"https:\/\/rnoticias.com.mx\/Portal\/wp-json\/wp\/v2\/media?parent=215424"}],"wp:term":[{"taxonomy":"category","embeddable":true,"href":"https:\/\/rnoticias.com.mx\/Portal\/wp-json\/wp\/v2\/categories?post=215424"},{"taxonomy":"post_tag","embeddable":true,"href":"https:\/\/rnoticias.com.mx\/Portal\/wp-json\/wp\/v2\/tags?post=215424"}],"curies":[{"name":"wp","href":"https:\/\/api.w.org\/{rel}","templated":true}]}}