{"id":215364,"date":"2025-04-17T20:46:09","date_gmt":"2025-04-17T20:46:09","guid":{"rendered":"https:\/\/rnoticias.com.mx\/Portal\/?p=215364"},"modified":"2025-04-17T20:46:09","modified_gmt":"2025-04-17T20:46:09","slug":"sheinbaum-y-trump-sostienen-llamada-telefonica","status":"publish","type":"post","link":"https:\/\/rnoticias.com.mx\/Portal\/2025\/04\/17\/sheinbaum-y-trump-sostienen-llamada-telefonica\/","title":{"rendered":"Sheinbaum y Trump sostienen llamada telef\u00f3nica"},"content":{"rendered":"<p><mark><strong>El presidente estadounidense, Donald Trump, asegur\u00f3 este jueves que la llamada que tuvo este mi\u00e9rcoles con su hom\u00f3loga mexicana, Claudia Sheinbaum, fue &#8220;muy productiva<\/strong><\/mark>&#8220;, y afirm\u00f3 que todos los pa\u00edses quieren negociar con Estados Unidos los aranceles.<\/p>\n<p><strong>&#8220;Ayer tuve una conversaci\u00f3n muy productiva con la Presidenta de M\u00e9xico<\/strong>. Asimismo, me reun\u00ed con los representantes comerciales japoneses del m\u00e1s alto nivel. Fue una reuni\u00f3n muy productiva. \u00a1Todas las naciones, incluida China, desean reunirse! \u00a1Hoy, Italia!&#8221;, dijo en su red social, Truth Social.<\/p>\n<p>El mi\u00e9rcoles, en esa misma plataforma, el l\u00edder republicano se hab\u00eda pronunciado\u00a0<strong>tambi\u00e9n sobre su encuentro con representantes del Ejecutivo japon\u00e9s y asegur\u00f3 que fue &#8220;un gran honor&#8221; y que hubo &#8220;un gran progreso&#8221;.<\/strong><\/p>\n<p>La conversaci\u00f3n con Sheinbaum se produjo un d\u00eda despu\u00e9s de que Trump afirmara en una entrevista con la cadena Fox,\u00a0<mark><strong>que M\u00e9xico le tiene miedo a los carteles del narcotr\u00e1fico y ofreciera su ayuda al pa\u00eds para combatirlos.<\/strong><\/mark><\/p>\n<p><strong>Sheinbaum contest\u00f3, que Estados Unidos busca &#8220;siempre intervenir, pero no es de ahora, es de siempre&#8221;<\/strong>, y recalc\u00f3 que hay di\u00e1logo con Estados Unidos y que la colaboraci\u00f3n en seguridad ocurre &#8220;con respeto y sin subordinaci\u00f3n&#8221;.<\/p>\n<p>Su conversaci\u00f3n posterior,\u00a0<strong>se enmarca en una intensa ronda de negociaciones sobre la pol\u00edtica de aranceles impuesta por Trump a sus socios comerciales.<\/strong><\/p>\n<p>Por su parte,\u00a0<mark><strong>la Mandataria inform\u00f3 que dicha llamada telef\u00f3nica fue &#8220;para alcanzar buenos acuerdos que beneficien a nuestros pa\u00edses y nuestros pueblos&#8221;.<\/strong><\/mark><\/p>\n<p><strong>&#8220;El d\u00eda de ayer tuvimos una llamada con el presidente Trump.<\/strong>\u00a0Como lo menciona en su cuenta, fue muy productiva. Seguiremos dialogando para alcanzar buenos acuerdos que beneficien a nuestros pa\u00edses y nuestros pueblos&#8221;, escribi\u00f3 en redes sociales.<\/p>\n<p><i>Con informaci\u00f3n de SUN*<\/i><\/p>\n","protected":false},"excerpt":{"rendered":"<p>El presidente estadounidense, Donald Trump, asegur\u00f3 este jueves que la llamada que tuvo este mi\u00e9rcoles con su hom\u00f3loga mexicana, Claudia Sheinbaum, fue &#8220;muy productiva&#8220;, y afirm\u00f3 que todos los pa\u00edses quieren negociar con Estados Unidos los aranceles. &#8220;Ayer tuve una conversaci\u00f3n muy productiva con la Presidenta de M\u00e9xico. Asimismo, me reun\u00ed con los representantes comerciales [&hellip;]<\/p>\n","protected":false},"author":2,"featured_media":215365,"comment_status":"closed","ping_status":"closed","sticky":false,"template":"","format":"standard","meta":{"footnotes":""},"categories":[12870,172],"tags":[12865,12874],"class_list":["post-215364","post","type-post","status-publish","format-standard","has-post-thumbnail","hentry","category-destacadas","category-nacional","tag-destacadas","tag-nacional"],"jetpack_featured_media_url":"https:\/\/rnoticias.com.mx\/Portal\/wp-content\/uploads\/2025\/04\/Sheinbaum-portada-1.webp","amp_enabled":true,"_links":{"self":[{"href":"https:\/\/rnoticias.com.mx\/Portal\/wp-json\/wp\/v2\/posts\/215364","targetHints":{"allow":["GET"]}}],"collection":[{"href":"https:\/\/rnoticias.com.mx\/Portal\/wp-json\/wp\/v2\/posts"}],"about":[{"href":"https:\/\/rnoticias.com.mx\/Portal\/wp-json\/wp\/v2\/types\/post"}],"author":[{"embeddable":true,"href":"https:\/\/rnoticias.com.mx\/Portal\/wp-json\/wp\/v2\/users\/2"}],"replies":[{"embeddable":true,"href":"https:\/\/rnoticias.com.mx\/Portal\/wp-json\/wp\/v2\/comments?post=215364"}],"version-history":[{"count":1,"href":"https:\/\/rnoticias.com.mx\/Portal\/wp-json\/wp\/v2\/posts\/215364\/revisions"}],"predecessor-version":[{"id":215366,"href":"https:\/\/rnoticias.com.mx\/Portal\/wp-json\/wp\/v2\/posts\/215364\/revisions\/215366"}],"wp:featuredmedia":[{"embeddable":true,"href":"https:\/\/rnoticias.com.mx\/Portal\/wp-json\/wp\/v2\/media\/215365"}],"wp:attachment":[{"href":"https:\/\/rnoticias.com.mx\/Portal\/wp-json\/wp\/v2\/media?parent=215364"}],"wp:term":[{"taxonomy":"category","embeddable":true,"href":"https:\/\/rnoticias.com.mx\/Portal\/wp-json\/wp\/v2\/categories?post=215364"},{"taxonomy":"post_tag","embeddable":true,"href":"https:\/\/rnoticias.com.mx\/Portal\/wp-json\/wp\/v2\/tags?post=215364"}],"curies":[{"name":"wp","href":"https:\/\/api.w.org\/{rel}","templated":true}]}}