{"id":215346,"date":"2025-04-17T04:46:48","date_gmt":"2025-04-17T04:46:48","guid":{"rendered":"https:\/\/rnoticias.com.mx\/Portal\/?p=215346"},"modified":"2025-04-17T04:46:48","modified_gmt":"2025-04-17T04:46:48","slug":"linkin-park-tocara-en-la-final-de-la-liga-de-campeones","status":"publish","type":"post","link":"https:\/\/rnoticias.com.mx\/Portal\/2025\/04\/17\/linkin-park-tocara-en-la-final-de-la-liga-de-campeones\/","title":{"rendered":"Linkin Park tocar\u00e1 en la final de la Liga de Campeones"},"content":{"rendered":"<p>La banda de rock estadounidense\u00a0<mark><strong>Linkin Park<\/strong><\/mark>\u00a0encabezar\u00e1 el espect\u00e1culo inaugural de la\u00a0<mark><strong>final de la Liga de Campeones<\/strong><\/mark>, que tendr\u00e1 lugar\u00a0<mark><strong>el pr\u00f3ximo 31 de mayo en el Allianz Arena<\/strong><\/mark>, estadio en el que juega como local el Bayern de M\u00fanich alem\u00e1n.<\/p>\n<p>Seg\u00fan inform\u00f3 la UEFA este mi\u00e9rcoles, el grupo californiano\u00a0<strong>&#8220;ha compuesto y grabado una nueva remezcla, que combina sus ic\u00f3nicos &#8216;riffs&#8217; (frase musical que se repite a lo largo de una canci\u00f3n) con las im\u00e1genes y los sonidos de la Liga de Campeones&#8221;.\u00a0<\/strong><\/p>\n<p>Linkin Park, que acaba de regresar a los escenarios con un nuevo disco siete a\u00f1os despu\u00e9s, mostr\u00f3 su emoci\u00f3n por el espect\u00e1culo de apertura:\u00a0<strong>&#8220;Esto marca una experiencia totalmente nueva para nosotros como banda. Nos hemos visto abrumados por la energ\u00eda y la emoci\u00f3n de los aficionados y tenenos ganas de compartir algunas de nuestras canciones favoritas del pasado y del presente&#8221;.\u00a0<\/strong><\/p>\n<p>Para conocer a los finalistas de la Liga de Campeones, habr\u00e1 que esperar a que se resuelvan las semifinales, que se disputar\u00e1n el<mark><strong>\u00a029 de abril (ida) y el 6 de mayo (vuelta).<\/strong><\/mark>\u00a0En ellas ya esperan el Barcelona espa\u00f1ol y el Paris Saint-Germain franc\u00e9s, a falta de resolverse los cuartos de final de este mi\u00e9rcoles (Real Madrid-Arsenal e Inter Mil\u00e1n-Bayern M\u00fanich).<\/p>\n","protected":false},"excerpt":{"rendered":"<p>La banda de rock estadounidense\u00a0Linkin Park\u00a0encabezar\u00e1 el espect\u00e1culo inaugural de la\u00a0final de la Liga de Campeones, que tendr\u00e1 lugar\u00a0el pr\u00f3ximo 31 de mayo en el Allianz Arena, estadio en el que juega como local el Bayern de M\u00fanich alem\u00e1n. Seg\u00fan inform\u00f3 la UEFA este mi\u00e9rcoles, el grupo californiano\u00a0&#8220;ha compuesto y grabado una nueva remezcla, que [&hellip;]<\/p>\n","protected":false},"author":2,"featured_media":215347,"comment_status":"closed","ping_status":"closed","sticky":false,"template":"","format":"standard","meta":{"footnotes":""},"categories":[12870,219],"tags":[12865,12875],"class_list":["post-215346","post","type-post","status-publish","format-standard","has-post-thumbnail","hentry","category-destacadas","category-espectaculos","tag-destacadas","tag-espectaculos"],"jetpack_featured_media_url":"https:\/\/rnoticias.com.mx\/Portal\/wp-content\/uploads\/2025\/04\/EH_CONTEXTO_2025_04_16_T091321_188_d3c3368586.jpg","amp_enabled":true,"_links":{"self":[{"href":"https:\/\/rnoticias.com.mx\/Portal\/wp-json\/wp\/v2\/posts\/215346","targetHints":{"allow":["GET"]}}],"collection":[{"href":"https:\/\/rnoticias.com.mx\/Portal\/wp-json\/wp\/v2\/posts"}],"about":[{"href":"https:\/\/rnoticias.com.mx\/Portal\/wp-json\/wp\/v2\/types\/post"}],"author":[{"embeddable":true,"href":"https:\/\/rnoticias.com.mx\/Portal\/wp-json\/wp\/v2\/users\/2"}],"replies":[{"embeddable":true,"href":"https:\/\/rnoticias.com.mx\/Portal\/wp-json\/wp\/v2\/comments?post=215346"}],"version-history":[{"count":1,"href":"https:\/\/rnoticias.com.mx\/Portal\/wp-json\/wp\/v2\/posts\/215346\/revisions"}],"predecessor-version":[{"id":215348,"href":"https:\/\/rnoticias.com.mx\/Portal\/wp-json\/wp\/v2\/posts\/215346\/revisions\/215348"}],"wp:featuredmedia":[{"embeddable":true,"href":"https:\/\/rnoticias.com.mx\/Portal\/wp-json\/wp\/v2\/media\/215347"}],"wp:attachment":[{"href":"https:\/\/rnoticias.com.mx\/Portal\/wp-json\/wp\/v2\/media?parent=215346"}],"wp:term":[{"taxonomy":"category","embeddable":true,"href":"https:\/\/rnoticias.com.mx\/Portal\/wp-json\/wp\/v2\/categories?post=215346"},{"taxonomy":"post_tag","embeddable":true,"href":"https:\/\/rnoticias.com.mx\/Portal\/wp-json\/wp\/v2\/tags?post=215346"}],"curies":[{"name":"wp","href":"https:\/\/api.w.org\/{rel}","templated":true}]}}