{"id":215337,"date":"2025-04-17T04:35:15","date_gmt":"2025-04-17T04:35:15","guid":{"rendered":"https:\/\/rnoticias.com.mx\/Portal\/?p=215337"},"modified":"2025-04-17T04:35:15","modified_gmt":"2025-04-17T04:35:15","slug":"invita-ayuntamiento-de-hermosillo-sumarse-a-la-carrera-de-la-santa-cruz-2025","status":"publish","type":"post","link":"https:\/\/rnoticias.com.mx\/Portal\/2025\/04\/17\/invita-ayuntamiento-de-hermosillo-sumarse-a-la-carrera-de-la-santa-cruz-2025\/","title":{"rendered":"Invita Ayuntamiento de Hermosillo sumarse a la Carrera de la Santa Cruz 2025"},"content":{"rendered":"<p><b data-olk-copy-source=\"MessageBody\">Hermosillo, Sonora; 16 de abril, 2025.-<\/b>\u00a0Hermosillo est\u00e1 a pocos d\u00edas de vivir la tradicional Carrera de la Santa Cruz 2025 y tanto el Gobierno Municipal como sus organizadores invitan a la ciudadan\u00eda a sumarse a esta fiesta deportiva que se llevar\u00e1 a cabo el domingo 4 de mayo.<\/p>\n<p>Rafael Cruz, director del Instituto del Deporte de Hermosillo present\u00f3 los detalles de esta carrera que se realizar\u00e1 en 5 kil\u00f3metros y una caminata de 2 kil\u00f3metros, actividad a la que se sumar\u00e1 el Colegio de Ingenieros Civiles de Sonora A.C.<\/p>\n<p>\u201cTenemos como reto el fortalecer la pr\u00e1ctica deportiva, recreativa y organizada en entornos seguros y accesibles tendientes a la mejora de salud de la poblaci\u00f3n, de igualdad de oportunidades y la inclusi\u00f3n social combatiendo a trav\u00e9s del fomento de h\u00e1bitos de vida saludable el consumo de sustancias adictivas y la obesidad infantil\u201d, agreg\u00f3.<\/p>\n<p>Gema Fierro, organizadora y Luar Germ\u00e1n Peterson, presidente del Colegio de Ingenieros Civiles de Sonora anunciaron la p\u00e1gina www.pistapista.com donde personas interesadas podr\u00e1n registrarse y participar en esta carrera que tendr\u00e1 lugar en el Colegio de Ingenieros Civiles de Sonora a las 7:00 am.<\/p>\n<p>\u201cEn este evento deportivo que es la Carrera de la Santa Cruz se realiza desde el a\u00f1o 2013, fue su primera edici\u00f3n, se festeja a los trabajadores de la construcci\u00f3n, un sector muy importante en la ciudad\u201d, destac\u00f3 Gema Fierro, organizadora del evento.<\/p>\n","protected":false},"excerpt":{"rendered":"<p>Hermosillo, Sonora; 16 de abril, 2025.-\u00a0Hermosillo est\u00e1 a pocos d\u00edas de vivir la tradicional Carrera de la Santa Cruz 2025 y tanto el Gobierno Municipal como sus organizadores invitan a la ciudadan\u00eda a sumarse a esta fiesta deportiva que se llevar\u00e1 a cabo el domingo 4 de mayo. Rafael Cruz, director del Instituto del Deporte [&hellip;]<\/p>\n","protected":false},"author":2,"featured_media":215338,"comment_status":"closed","ping_status":"closed","sticky":false,"template":"","format":"standard","meta":{"footnotes":""},"categories":[188,12870],"tags":[5231,12865],"class_list":["post-215337","post","type-post","status-publish","format-standard","has-post-thumbnail","hentry","category-deportes","category-destacadas","tag-deportes","tag-destacadas"],"jetpack_featured_media_url":"https:\/\/rnoticias.com.mx\/Portal\/wp-content\/uploads\/2025\/04\/Invita-Ayuntamiento-de-Hermosillo-sumarse-a-la-Carrera-de-la-Santa-Cruz-20251.jpg","amp_enabled":true,"_links":{"self":[{"href":"https:\/\/rnoticias.com.mx\/Portal\/wp-json\/wp\/v2\/posts\/215337","targetHints":{"allow":["GET"]}}],"collection":[{"href":"https:\/\/rnoticias.com.mx\/Portal\/wp-json\/wp\/v2\/posts"}],"about":[{"href":"https:\/\/rnoticias.com.mx\/Portal\/wp-json\/wp\/v2\/types\/post"}],"author":[{"embeddable":true,"href":"https:\/\/rnoticias.com.mx\/Portal\/wp-json\/wp\/v2\/users\/2"}],"replies":[{"embeddable":true,"href":"https:\/\/rnoticias.com.mx\/Portal\/wp-json\/wp\/v2\/comments?post=215337"}],"version-history":[{"count":1,"href":"https:\/\/rnoticias.com.mx\/Portal\/wp-json\/wp\/v2\/posts\/215337\/revisions"}],"predecessor-version":[{"id":215339,"href":"https:\/\/rnoticias.com.mx\/Portal\/wp-json\/wp\/v2\/posts\/215337\/revisions\/215339"}],"wp:featuredmedia":[{"embeddable":true,"href":"https:\/\/rnoticias.com.mx\/Portal\/wp-json\/wp\/v2\/media\/215338"}],"wp:attachment":[{"href":"https:\/\/rnoticias.com.mx\/Portal\/wp-json\/wp\/v2\/media?parent=215337"}],"wp:term":[{"taxonomy":"category","embeddable":true,"href":"https:\/\/rnoticias.com.mx\/Portal\/wp-json\/wp\/v2\/categories?post=215337"},{"taxonomy":"post_tag","embeddable":true,"href":"https:\/\/rnoticias.com.mx\/Portal\/wp-json\/wp\/v2\/tags?post=215337"}],"curies":[{"name":"wp","href":"https:\/\/api.w.org\/{rel}","templated":true}]}}