{"id":215334,"date":"2025-04-17T04:34:10","date_gmt":"2025-04-17T04:34:10","guid":{"rendered":"https:\/\/rnoticias.com.mx\/Portal\/?p=215334"},"modified":"2025-04-17T04:34:10","modified_gmt":"2025-04-17T04:34:10","slug":"trabaja-gobierno-de-sonora-en-la-prevencion-de-delitos-en-slrc-victor-hugo-enriquez","status":"publish","type":"post","link":"https:\/\/rnoticias.com.mx\/Portal\/2025\/04\/17\/trabaja-gobierno-de-sonora-en-la-prevencion-de-delitos-en-slrc-victor-hugo-enriquez\/","title":{"rendered":"Trabaja Gobierno de Sonora en la prevenci\u00f3n de delitos en SLRC: V\u00edctor Hugo Enr\u00edquez"},"content":{"rendered":"<p>San Luis R\u00edo Colorado; 16 de abril de 2025.- Como parte de las acciones en materia de seguridad que se realizan en San Luis R\u00edo Colorado desde la implementaci\u00f3n del Mando \u00danico, el Gobierno de Sonora reitera el compromiso con sus habitantes, informando sobre los programas y servicios para prevenir delitos, inform\u00f3 V\u00edctor Hugo Enr\u00edquez Garc\u00eda.<\/p>\n<p>El secretario de Seguridad P\u00fablica en Sonora anunci\u00f3 que, se realizan Operativos Informativos por calles y comercios de la ciudad, con el objetivo de difundir entre las y los ciudadanos de los programas preventivos y fomentar el uso responsable de la l\u00ednea de emergencias 9-1-1.<\/p>\n<p>Enr\u00edquez Garc\u00eda explic\u00f3 que los estados de fuerza de la Polic\u00eda Estatal se encuentran desplegados por el municipio para fortalecer la estrategia de seguridad del Mando \u00danico. Adem\u00e1s se fortalece la cercan\u00eda con las y los sanluisinos por medio de la Jornada Permanente por la Paz.<\/p>\n<p>Durante estos operativos se informa a las familias sobre la importancia de realizar la denuncia an\u00f3nima de delitos en forma segura mediante la l\u00ednea 089, la cual est\u00e1 disponible las 24 horas y es atendida por personal capacitado.<\/p>\n<p>Manifest\u00f3 que tambi\u00e9n se visibilizan las herramientas tecnol\u00f3gicas y servicios de las aplicaciones m\u00f3viles Mujeres Seguras, \u00fatil en caso de riesgo o peligro y Antiextorsi\u00f3n Sonora, que alerta para prevenir ser v\u00edctima de una extorsi\u00f3n telef\u00f3nica.<\/p>\n","protected":false},"excerpt":{"rendered":"<p>San Luis R\u00edo Colorado; 16 de abril de 2025.- Como parte de las acciones en materia de seguridad que se realizan en San Luis R\u00edo Colorado desde la implementaci\u00f3n del Mando \u00danico, el Gobierno de Sonora reitera el compromiso con sus habitantes, informando sobre los programas y servicios para prevenir delitos, inform\u00f3 V\u00edctor Hugo Enr\u00edquez [&hellip;]<\/p>\n","protected":false},"author":2,"featured_media":215335,"comment_status":"closed","ping_status":"closed","sticky":false,"template":"","format":"standard","meta":{"footnotes":""},"categories":[12870,174],"tags":[12865,12873],"class_list":["post-215334","post","type-post","status-publish","format-standard","has-post-thumbnail","hentry","category-destacadas","category-estatal","tag-destacadas","tag-estatal"],"jetpack_featured_media_url":"https:\/\/rnoticias.com.mx\/Portal\/wp-content\/uploads\/2025\/04\/unnajmed-19.jpg","amp_enabled":true,"_links":{"self":[{"href":"https:\/\/rnoticias.com.mx\/Portal\/wp-json\/wp\/v2\/posts\/215334","targetHints":{"allow":["GET"]}}],"collection":[{"href":"https:\/\/rnoticias.com.mx\/Portal\/wp-json\/wp\/v2\/posts"}],"about":[{"href":"https:\/\/rnoticias.com.mx\/Portal\/wp-json\/wp\/v2\/types\/post"}],"author":[{"embeddable":true,"href":"https:\/\/rnoticias.com.mx\/Portal\/wp-json\/wp\/v2\/users\/2"}],"replies":[{"embeddable":true,"href":"https:\/\/rnoticias.com.mx\/Portal\/wp-json\/wp\/v2\/comments?post=215334"}],"version-history":[{"count":1,"href":"https:\/\/rnoticias.com.mx\/Portal\/wp-json\/wp\/v2\/posts\/215334\/revisions"}],"predecessor-version":[{"id":215336,"href":"https:\/\/rnoticias.com.mx\/Portal\/wp-json\/wp\/v2\/posts\/215334\/revisions\/215336"}],"wp:featuredmedia":[{"embeddable":true,"href":"https:\/\/rnoticias.com.mx\/Portal\/wp-json\/wp\/v2\/media\/215335"}],"wp:attachment":[{"href":"https:\/\/rnoticias.com.mx\/Portal\/wp-json\/wp\/v2\/media?parent=215334"}],"wp:term":[{"taxonomy":"category","embeddable":true,"href":"https:\/\/rnoticias.com.mx\/Portal\/wp-json\/wp\/v2\/categories?post=215334"},{"taxonomy":"post_tag","embeddable":true,"href":"https:\/\/rnoticias.com.mx\/Portal\/wp-json\/wp\/v2\/tags?post=215334"}],"curies":[{"name":"wp","href":"https:\/\/api.w.org\/{rel}","templated":true}]}}