{"id":215328,"date":"2025-04-17T04:26:11","date_gmt":"2025-04-17T04:26:11","guid":{"rendered":"https:\/\/rnoticias.com.mx\/Portal\/?p=215328"},"modified":"2025-04-17T04:26:11","modified_gmt":"2025-04-17T04:26:11","slug":"gobernador-durazo-relanza-delfinario-sonora-con-nueva-imagen-y-presentaciones-educativas-esta-semana-santa-en-sonora","status":"publish","type":"post","link":"https:\/\/rnoticias.com.mx\/Portal\/2025\/04\/17\/gobernador-durazo-relanza-delfinario-sonora-con-nueva-imagen-y-presentaciones-educativas-esta-semana-santa-en-sonora\/","title":{"rendered":"Gobernador Durazo relanza Delfinario Sonora con nueva imagen y presentaciones educativas esta Semana Santa en Sonora"},"content":{"rendered":"<p>Hermosillo, Sonora; 16 de abril de 2025.- Para brindar a la ciudadan\u00eda una opci\u00f3n de esparcimiento y contacto con animales acu\u00e1ticos, el gobernador Alfonso Durazo Monta\u00f1o impuls\u00f3 el relanzamiento de la imagen del Delfinario Sonora para convertirlo en uno de los principales sitios de atracci\u00f3n esta Semana Santa en Sonora con presentaciones educativas de lobos marinos y delfines.<\/p>\n<p>Como parte de la estrategia integral para recuperar y fortalecer espacios p\u00fablicos con valor educativo, recreativo y ambiental, el Gobierno de Sonora, a trav\u00e9s de la Comisi\u00f3n de Ecolog\u00eda y Desarrollo Sustentable del Estado de Sonora (CEDES), rehabilit\u00f3 las instalaciones del Delfinario para relanzarlo como un sitio renovado y de inter\u00e9s para turistas locales y extranjeros.<\/p>\n<p>La secretaria de Infraestructura y Desarrollo Urbano, Alejandra Castro Valencia, en representaci\u00f3n del gobernador Alfonso Durazo Monta\u00f1o, destac\u00f3 la transformaci\u00f3n del Delfinario Sonora como un sitio de encuentro familiar, de conciencia ecol\u00f3gica y de respeto por la vida marina. Este esfuerzo forma parte del programa \u201cRecuperando el Patrimonio de los sonorenses\u201d, enfocado en brindar a la ciudadan\u00eda espacios dignos, de provecho y con prop\u00f3sito educativo.<\/p>\n<p>En el relanzamiento se present\u00f3 una nueva identidad gr\u00e1fica y una oferta de actividades para el p\u00fablico, como las presentaciones educativas de delfines y lobos marinos, programas de terapias para ni\u00f1as, ni\u00f1os y personas con discapacidad.<\/p>\n<p>Asimismo, se realiz\u00f3 la entrega de un cami\u00f3n para el transporte buscando facilitar la movilidad de sus visitantes.<\/p>\n<p>Para vivir una experiencia \u00fanica de interacci\u00f3n con los delfines y lobos marinos, el Delfinario estar\u00e1 abierto de lunes a domingo, a partir de las 10:00 hasta las 16:00 horas. Adem\u00e1s, el Delfinario tiene un impacto positivo en la comunidad al ofrecer pl\u00e1ticas, talleres y terapias asistidas con delfines, educaci\u00f3n ambiental y entretenimiento.<\/p>\n","protected":false},"excerpt":{"rendered":"<p>Hermosillo, Sonora; 16 de abril de 2025.- Para brindar a la ciudadan\u00eda una opci\u00f3n de esparcimiento y contacto con animales acu\u00e1ticos, el gobernador Alfonso Durazo Monta\u00f1o impuls\u00f3 el relanzamiento de la imagen del Delfinario Sonora para convertirlo en uno de los principales sitios de atracci\u00f3n esta Semana Santa en Sonora con presentaciones educativas de lobos [&hellip;]<\/p>\n","protected":false},"author":2,"featured_media":215329,"comment_status":"closed","ping_status":"closed","sticky":false,"template":"","format":"standard","meta":{"footnotes":""},"categories":[12870,174],"tags":[12865,12873],"class_list":["post-215328","post","type-post","status-publish","format-standard","has-post-thumbnail","hentry","category-destacadas","category-estatal","tag-destacadas","tag-estatal"],"jetpack_featured_media_url":"https:\/\/rnoticias.com.mx\/Portal\/wp-content\/uploads\/2025\/04\/unnamed-77.jpg","amp_enabled":true,"_links":{"self":[{"href":"https:\/\/rnoticias.com.mx\/Portal\/wp-json\/wp\/v2\/posts\/215328","targetHints":{"allow":["GET"]}}],"collection":[{"href":"https:\/\/rnoticias.com.mx\/Portal\/wp-json\/wp\/v2\/posts"}],"about":[{"href":"https:\/\/rnoticias.com.mx\/Portal\/wp-json\/wp\/v2\/types\/post"}],"author":[{"embeddable":true,"href":"https:\/\/rnoticias.com.mx\/Portal\/wp-json\/wp\/v2\/users\/2"}],"replies":[{"embeddable":true,"href":"https:\/\/rnoticias.com.mx\/Portal\/wp-json\/wp\/v2\/comments?post=215328"}],"version-history":[{"count":1,"href":"https:\/\/rnoticias.com.mx\/Portal\/wp-json\/wp\/v2\/posts\/215328\/revisions"}],"predecessor-version":[{"id":215330,"href":"https:\/\/rnoticias.com.mx\/Portal\/wp-json\/wp\/v2\/posts\/215328\/revisions\/215330"}],"wp:featuredmedia":[{"embeddable":true,"href":"https:\/\/rnoticias.com.mx\/Portal\/wp-json\/wp\/v2\/media\/215329"}],"wp:attachment":[{"href":"https:\/\/rnoticias.com.mx\/Portal\/wp-json\/wp\/v2\/media?parent=215328"}],"wp:term":[{"taxonomy":"category","embeddable":true,"href":"https:\/\/rnoticias.com.mx\/Portal\/wp-json\/wp\/v2\/categories?post=215328"},{"taxonomy":"post_tag","embeddable":true,"href":"https:\/\/rnoticias.com.mx\/Portal\/wp-json\/wp\/v2\/tags?post=215328"}],"curies":[{"name":"wp","href":"https:\/\/api.w.org\/{rel}","templated":true}]}}