{"id":215318,"date":"2025-04-17T04:14:15","date_gmt":"2025-04-17T04:14:15","guid":{"rendered":"https:\/\/rnoticias.com.mx\/Portal\/?p=215318"},"modified":"2025-04-17T04:14:15","modified_gmt":"2025-04-17T04:14:15","slug":"gobierno-de-sonora-atendera-con-guardia-en-registro-civil-los-dias-17-y-18-de-abril","status":"publish","type":"post","link":"https:\/\/rnoticias.com.mx\/Portal\/2025\/04\/17\/gobierno-de-sonora-atendera-con-guardia-en-registro-civil-los-dias-17-y-18-de-abril\/","title":{"rendered":"Gobierno de Sonora atender\u00e1 con guardia en Registro Civil los d\u00edas 17 y 18 de abril"},"content":{"rendered":"<p>Hermosillo, Sonora; 16 de abril de 2025.- La Direcci\u00f3n General del Registro Civil informa que, debido al periodo de asueto por Semana Santa, la dependencia mantendr\u00e1 guardia ante el cierre de oficinas durante el jueves 17 y viernes 18 de abril.<\/p>\n<p>Mari\u00e1n Mart\u00ednez Rodr\u00edguez, titular de la instituci\u00f3n, precis\u00f3 que estar\u00e1 de guardia la Tercera Oficial\u00eda del Registro Civil, ubicada en el Centro de Usos M\u00faltiples (CUM), para la atenci\u00f3n de tr\u00e1mites relacionados con defunciones.<\/p>\n<p>Respecto a las oficial\u00edas ubicadas en los diferentes municipios donde el Registro Civil tiene presencia, inform\u00f3 que todas permanecer\u00e1n de guardia para la atenci\u00f3n de casos de defunci\u00f3n.<\/p>\n<p>Ser\u00e1 hasta el lunes 21 de abril cuando el Registro Civil y sus oficial\u00edas reanuden sus actividades en el horario habitual, de 8:00 a 15:00 horas.<\/p>\n<p>Durante este horario, se continuar\u00e1 con la expedici\u00f3n de actas estatales e interestatales, emisi\u00f3n de certificados de inexistencia, rectificaci\u00f3n de CURP, correcci\u00f3n y digitalizaci\u00f3n de actas, registros, matrimonios y anotaciones.<\/p>\n","protected":false},"excerpt":{"rendered":"<p>Hermosillo, Sonora; 16 de abril de 2025.- La Direcci\u00f3n General del Registro Civil informa que, debido al periodo de asueto por Semana Santa, la dependencia mantendr\u00e1 guardia ante el cierre de oficinas durante el jueves 17 y viernes 18 de abril. Mari\u00e1n Mart\u00ednez Rodr\u00edguez, titular de la instituci\u00f3n, precis\u00f3 que estar\u00e1 de guardia la Tercera [&hellip;]<\/p>\n","protected":false},"author":2,"featured_media":215319,"comment_status":"closed","ping_status":"closed","sticky":false,"template":"","format":"standard","meta":{"footnotes":""},"categories":[12870,178],"tags":[12865,12869],"class_list":["post-215318","post","type-post","status-publish","format-standard","has-post-thumbnail","hentry","category-destacadas","category-local","tag-destacadas","tag-local"],"jetpack_featured_media_url":"https:\/\/rnoticias.com.mx\/Portal\/wp-content\/uploads\/2025\/04\/unnamed-76.jpg","amp_enabled":true,"_links":{"self":[{"href":"https:\/\/rnoticias.com.mx\/Portal\/wp-json\/wp\/v2\/posts\/215318","targetHints":{"allow":["GET"]}}],"collection":[{"href":"https:\/\/rnoticias.com.mx\/Portal\/wp-json\/wp\/v2\/posts"}],"about":[{"href":"https:\/\/rnoticias.com.mx\/Portal\/wp-json\/wp\/v2\/types\/post"}],"author":[{"embeddable":true,"href":"https:\/\/rnoticias.com.mx\/Portal\/wp-json\/wp\/v2\/users\/2"}],"replies":[{"embeddable":true,"href":"https:\/\/rnoticias.com.mx\/Portal\/wp-json\/wp\/v2\/comments?post=215318"}],"version-history":[{"count":1,"href":"https:\/\/rnoticias.com.mx\/Portal\/wp-json\/wp\/v2\/posts\/215318\/revisions"}],"predecessor-version":[{"id":215320,"href":"https:\/\/rnoticias.com.mx\/Portal\/wp-json\/wp\/v2\/posts\/215318\/revisions\/215320"}],"wp:featuredmedia":[{"embeddable":true,"href":"https:\/\/rnoticias.com.mx\/Portal\/wp-json\/wp\/v2\/media\/215319"}],"wp:attachment":[{"href":"https:\/\/rnoticias.com.mx\/Portal\/wp-json\/wp\/v2\/media?parent=215318"}],"wp:term":[{"taxonomy":"category","embeddable":true,"href":"https:\/\/rnoticias.com.mx\/Portal\/wp-json\/wp\/v2\/categories?post=215318"},{"taxonomy":"post_tag","embeddable":true,"href":"https:\/\/rnoticias.com.mx\/Portal\/wp-json\/wp\/v2\/tags?post=215318"}],"curies":[{"name":"wp","href":"https:\/\/api.w.org\/{rel}","templated":true}]}}