{"id":215287,"date":"2025-04-16T19:30:16","date_gmt":"2025-04-16T19:30:16","guid":{"rendered":"https:\/\/rnoticias.com.mx\/Portal\/?p=215287"},"modified":"2025-04-16T19:30:16","modified_gmt":"2025-04-16T19:30:16","slug":"no-hay-restricciones-en-sonora-para-cantar-narcocorridos-dip-omar-del-valle","status":"publish","type":"post","link":"https:\/\/rnoticias.com.mx\/Portal\/2025\/04\/16\/no-hay-restricciones-en-sonora-para-cantar-narcocorridos-dip-omar-del-valle\/","title":{"rendered":"No hay restricciones en Sonora para cantar narcocorridos: Dip Omar del Valle"},"content":{"rendered":"<p>En el estado de Sonora no existe una ley que proh\u00edba el cantar narcocorridos en eventos p\u00fablicos ni mucho menos hay alguna iniciativa al respecto, inform\u00f3 el diputado local Omar del Valle.<\/p>\n<p>&nbsp;<\/p>\n<p>El tambi\u00e9n presidente del Congreso de Sonora, manifest\u00f3 que la entidad no cuenta con ning\u00fan tipo de restricci\u00f3n para artistas que canten los llamados narcocorridos y que, en otros estados del pa\u00eds, ya se ha legislado para su prohibici\u00f3n aludiendo que sus letras conllevan apolog\u00eda a delitos.<\/p>\n<p>&nbsp;<\/p>\n<p><strong>\u201cEn Sonora no se han presentado iniciativas de ley para prohibir los corridos o narcocorridos. Al d\u00eda de hoy no hay una discusi\u00f3n sobre ese tema en el poder legislativo sonorense\u201d, asegur\u00f3.<\/strong><\/p>\n<p>&nbsp;<\/p>\n<p>Igualmente, mencion\u00f3 sobre la importancia de respetar la libertad de expresi\u00f3n, pero sin dejar de lado la necesidad de promover una cultura de paz entre quienes cantan alg\u00fan tipo de g\u00e9nero musical.<\/p>\n<p>&nbsp;<\/p>\n<p>Por \u00faltimo, dijo que se mantienen atentos a esa pol\u00edtica p\u00fablica que ha mostrado la presidenta de M\u00e9xico Claudia Sheinbaum en ese tema en particular.<\/p>\n","protected":false},"excerpt":{"rendered":"<p>En el estado de Sonora no existe una ley que proh\u00edba el cantar narcocorridos en eventos p\u00fablicos ni mucho menos hay alguna iniciativa al respecto, inform\u00f3 el diputado local Omar del Valle. &nbsp; El tambi\u00e9n presidente del Congreso de Sonora, manifest\u00f3 que la entidad no cuenta con ning\u00fan tipo de restricci\u00f3n para artistas que canten [&hellip;]<\/p>\n","protected":false},"author":2,"featured_media":215288,"comment_status":"closed","ping_status":"closed","sticky":false,"template":"","format":"standard","meta":{"footnotes":""},"categories":[12870,178],"tags":[12865,12869],"class_list":["post-215287","post","type-post","status-publish","format-standard","has-post-thumbnail","hentry","category-destacadas","category-local","tag-destacadas","tag-local"],"jetpack_featured_media_url":"https:\/\/rnoticias.com.mx\/Portal\/wp-content\/uploads\/2025\/04\/narcocorridos-1280x720-1.jpg","amp_enabled":true,"_links":{"self":[{"href":"https:\/\/rnoticias.com.mx\/Portal\/wp-json\/wp\/v2\/posts\/215287","targetHints":{"allow":["GET"]}}],"collection":[{"href":"https:\/\/rnoticias.com.mx\/Portal\/wp-json\/wp\/v2\/posts"}],"about":[{"href":"https:\/\/rnoticias.com.mx\/Portal\/wp-json\/wp\/v2\/types\/post"}],"author":[{"embeddable":true,"href":"https:\/\/rnoticias.com.mx\/Portal\/wp-json\/wp\/v2\/users\/2"}],"replies":[{"embeddable":true,"href":"https:\/\/rnoticias.com.mx\/Portal\/wp-json\/wp\/v2\/comments?post=215287"}],"version-history":[{"count":1,"href":"https:\/\/rnoticias.com.mx\/Portal\/wp-json\/wp\/v2\/posts\/215287\/revisions"}],"predecessor-version":[{"id":215289,"href":"https:\/\/rnoticias.com.mx\/Portal\/wp-json\/wp\/v2\/posts\/215287\/revisions\/215289"}],"wp:featuredmedia":[{"embeddable":true,"href":"https:\/\/rnoticias.com.mx\/Portal\/wp-json\/wp\/v2\/media\/215288"}],"wp:attachment":[{"href":"https:\/\/rnoticias.com.mx\/Portal\/wp-json\/wp\/v2\/media?parent=215287"}],"wp:term":[{"taxonomy":"category","embeddable":true,"href":"https:\/\/rnoticias.com.mx\/Portal\/wp-json\/wp\/v2\/categories?post=215287"},{"taxonomy":"post_tag","embeddable":true,"href":"https:\/\/rnoticias.com.mx\/Portal\/wp-json\/wp\/v2\/tags?post=215287"}],"curies":[{"name":"wp","href":"https:\/\/api.w.org\/{rel}","templated":true}]}}