{"id":215284,"date":"2025-04-16T19:24:21","date_gmt":"2025-04-16T19:24:21","guid":{"rendered":"https:\/\/rnoticias.com.mx\/Portal\/?p=215284"},"modified":"2025-04-16T19:24:21","modified_gmt":"2025-04-16T19:24:21","slug":"restaura-gobierno-de-sonora-edificios-emblematicos-como-la-catedral-metropolitana-de-hermosillo","status":"publish","type":"post","link":"https:\/\/rnoticias.com.mx\/Portal\/2025\/04\/16\/restaura-gobierno-de-sonora-edificios-emblematicos-como-la-catedral-metropolitana-de-hermosillo\/","title":{"rendered":"Restaura Gobierno de Sonora edificios emblem\u00e1ticos como la Catedral Metropolitana de Hermosillo"},"content":{"rendered":"<p>Hermosillo, Sonora; 16 de abril de 2025. \u2013 En el marco de la estrategia de rescate y conservaci\u00f3n del patrimonio hist\u00f3rico de Sonora, el Gobierno del Estado, a trav\u00e9s del Consejo Estatal de Concertaci\u00f3n para la Obra P\u00fablica (CECOP), avanza en la rehabilitaci\u00f3n de inmuebles emblem\u00e1ticos que forman parte de la identidad cultural de la regi\u00f3n.<\/p>\n<p>Una de las acciones m\u00e1s destacadas es la obra de restauraci\u00f3n en la Catedral Metropolitana de Hermosillo, s\u00edmbolo hist\u00f3rico y arquitect\u00f3nico del estado, en el que actualmente se trabaja.<\/p>\n<p>Esta intervenci\u00f3n representa un compromiso firme del gobernador Alfonso Durazo Monta\u00f1o con la preservaci\u00f3n del legado cultural sonorense. Con una inversi\u00f3n de nueve millones 354 mil 389 pesos, se estima que 560 mil personas ser\u00e1n beneficiadas directamente con esta obra.<\/p>\n<p>Como parte de los trabajos realizados, se han ejecutado las siguientes actividades:<\/p>\n<p>\u2022Demolici\u00f3n y colocaci\u00f3n parcial de aplanados en caras lisas, molduras y elementos ornamentales<\/p>\n<p>\u2022Aplicaci\u00f3n de pintura vin\u00edlica en tono similar al existente<\/p>\n<p>\u2022Rehabilitaci\u00f3n de la cruz de herrer\u00eda, del pararrayos y de vigas de madera en el segundo cuerpo<\/p>\n<p>\u2022Restauraci\u00f3n y restituci\u00f3n del cop\u00f3n ornamental tipo 02<\/p>\n<p>\u2022Rehabilitaci\u00f3n del tapanco<\/p>\n<p>\u2022Sellado de fisuras y grietas<\/p>\n<p>\u2022Limpieza de \u00f3xido y aplicaci\u00f3n de primer en elementos estructurales de acero<\/p>\n<p>\u2022Impermeabilizaci\u00f3n en la cara superior de elementos ornamentales y arquitect\u00f3nicos<\/p>\n<p>\u2022Desmontaje y recuperaci\u00f3n de tuber\u00edas conduit visibles, con su posterior reinstalaci\u00f3n, entre otros.<\/p>\n<p>El Gobierno de Sonora reitera su compromiso con la conservaci\u00f3n del patrimonio hist\u00f3rico, promoviendo obras que no solo rescatan la memoria colectiva, sino que tambi\u00e9n fortalecen el sentido de pertenencia y orgullo entre las y los sonorenses.<\/p>\n","protected":false},"excerpt":{"rendered":"<p>Hermosillo, Sonora; 16 de abril de 2025. \u2013 En el marco de la estrategia de rescate y conservaci\u00f3n del patrimonio hist\u00f3rico de Sonora, el Gobierno del Estado, a trav\u00e9s del Consejo Estatal de Concertaci\u00f3n para la Obra P\u00fablica (CECOP), avanza en la rehabilitaci\u00f3n de inmuebles emblem\u00e1ticos que forman parte de la identidad cultural de la [&hellip;]<\/p>\n","protected":false},"author":2,"featured_media":215285,"comment_status":"closed","ping_status":"closed","sticky":false,"template":"","format":"standard","meta":{"footnotes":""},"categories":[12870,178],"tags":[12865,12869],"class_list":["post-215284","post","type-post","status-publish","format-standard","has-post-thumbnail","hentry","category-destacadas","category-local","tag-destacadas","tag-local"],"jetpack_featured_media_url":"https:\/\/rnoticias.com.mx\/Portal\/wp-content\/uploads\/2025\/04\/unnamed-1-36.jpg","amp_enabled":true,"_links":{"self":[{"href":"https:\/\/rnoticias.com.mx\/Portal\/wp-json\/wp\/v2\/posts\/215284","targetHints":{"allow":["GET"]}}],"collection":[{"href":"https:\/\/rnoticias.com.mx\/Portal\/wp-json\/wp\/v2\/posts"}],"about":[{"href":"https:\/\/rnoticias.com.mx\/Portal\/wp-json\/wp\/v2\/types\/post"}],"author":[{"embeddable":true,"href":"https:\/\/rnoticias.com.mx\/Portal\/wp-json\/wp\/v2\/users\/2"}],"replies":[{"embeddable":true,"href":"https:\/\/rnoticias.com.mx\/Portal\/wp-json\/wp\/v2\/comments?post=215284"}],"version-history":[{"count":1,"href":"https:\/\/rnoticias.com.mx\/Portal\/wp-json\/wp\/v2\/posts\/215284\/revisions"}],"predecessor-version":[{"id":215286,"href":"https:\/\/rnoticias.com.mx\/Portal\/wp-json\/wp\/v2\/posts\/215284\/revisions\/215286"}],"wp:featuredmedia":[{"embeddable":true,"href":"https:\/\/rnoticias.com.mx\/Portal\/wp-json\/wp\/v2\/media\/215285"}],"wp:attachment":[{"href":"https:\/\/rnoticias.com.mx\/Portal\/wp-json\/wp\/v2\/media?parent=215284"}],"wp:term":[{"taxonomy":"category","embeddable":true,"href":"https:\/\/rnoticias.com.mx\/Portal\/wp-json\/wp\/v2\/categories?post=215284"},{"taxonomy":"post_tag","embeddable":true,"href":"https:\/\/rnoticias.com.mx\/Portal\/wp-json\/wp\/v2\/tags?post=215284"}],"curies":[{"name":"wp","href":"https:\/\/api.w.org\/{rel}","templated":true}]}}