{"id":215281,"date":"2025-04-16T19:22:17","date_gmt":"2025-04-16T19:22:17","guid":{"rendered":"https:\/\/rnoticias.com.mx\/Portal\/?p=215281"},"modified":"2025-04-16T19:22:17","modified_gmt":"2025-04-16T19:22:17","slug":"competira-alumno-de-cobach-sonora-en-festival-olimpico-mexicano-de-box-2025","status":"publish","type":"post","link":"https:\/\/rnoticias.com.mx\/Portal\/2025\/04\/16\/competira-alumno-de-cobach-sonora-en-festival-olimpico-mexicano-de-box-2025\/","title":{"rendered":"Competir\u00e1 alumno de Cobach Sonora en Festival Ol\u00edmpico Mexicano de Box 2025"},"content":{"rendered":"<p>Hermosillo, Sonora; 16 de abril de 2025.- El dos veces campe\u00f3n nacional y monarca internacional de box, Jos\u00e9 Luis Hern\u00e1ndez L\u00f3pez, alumno del Colegio de Bachilleres del Estado de Sonora (Cobach), competir\u00e1 en el pr\u00f3ximo Festival Ol\u00edmpico Mexicano 2025 con miras a clasificar para los Juegos Ol\u00edmpicos de la Juventud de Dakar 2026, anunci\u00f3 Rodrigo Arturo Rosas Burgos, director general del Cobach.<\/p>\n<p>El estudiante del plantel Villa de Seris fue convocado por la Federaci\u00f3n Mexicana de Boxeo para participar en el Festival Ol\u00edmpico de Boxeo que se llevar\u00e1 a cabo en Oaxtepec, Morelos, del 30 de abril al 7 de mayo, con el objetivo de que M\u00e9xico integre el equipo representativo para los Juegos Ol\u00edmpicos de la Juventud de Dakar del a\u00f1o entrante.<\/p>\n<p>Jos\u00e9 Luis Hern\u00e1ndez, quien obtuvo la medalla de plata en el Festival Ol\u00edmpico Mexicano de 2024 en la categor\u00eda de los 57 kilos, dijo que esta vez aspira a ganar el oro y ser seleccionado nacional para Dakar.<\/p>\n<p>\u201cEstoy muy contento con la preparaci\u00f3n y con el equipo que estoy trabajando. Estoy muy seguro de la preparaci\u00f3n que estamos haciendo y siento que los resultados van a ser mucho mejores que el a\u00f1o pasado\u201d, manifest\u00f3.<\/p>\n<p>Anticip\u00f3 que ya est\u00e1 pensando en su participaci\u00f3n en Dakar y, una vez pase el Festival Ol\u00edmpico, de donde espera llegar con buenos resultados, se concentrar\u00e1 en tener una muy buena preparaci\u00f3n para ir muy bien trabajado f\u00edsica y mentalmente al evento internacional.<\/p>\n<p>El joven boxeador de 17 a\u00f1os, dos veces campe\u00f3n de los Juegos Nacionales Conade<\/p>\n<p>(2022 y 2023) adem\u00e1s de monarca del Torneo Internacional de Boxeo celebrado en Alicante, Espa\u00f1a 2025. Coment\u00f3 que ya super\u00f3 la lesi\u00f3n por una inflamaci\u00f3n del tend\u00f3n en un dedo pulgar que le impidi\u00f3 asistir a la etapa macro regional clasificatoria para esa competencia nacional en este 2025.<\/p>\n","protected":false},"excerpt":{"rendered":"<p>Hermosillo, Sonora; 16 de abril de 2025.- El dos veces campe\u00f3n nacional y monarca internacional de box, Jos\u00e9 Luis Hern\u00e1ndez L\u00f3pez, alumno del Colegio de Bachilleres del Estado de Sonora (Cobach), competir\u00e1 en el pr\u00f3ximo Festival Ol\u00edmpico Mexicano 2025 con miras a clasificar para los Juegos Ol\u00edmpicos de la Juventud de Dakar 2026, anunci\u00f3 Rodrigo [&hellip;]<\/p>\n","protected":false},"author":2,"featured_media":215282,"comment_status":"closed","ping_status":"closed","sticky":false,"template":"","format":"standard","meta":{"footnotes":""},"categories":[188,12870],"tags":[5231,12865],"class_list":["post-215281","post","type-post","status-publish","format-standard","has-post-thumbnail","hentry","category-deportes","category-destacadas","tag-deportes","tag-destacadas"],"jetpack_featured_media_url":"https:\/\/rnoticias.com.mx\/Portal\/wp-content\/uploads\/2025\/04\/unnamed-74.jpg","amp_enabled":true,"_links":{"self":[{"href":"https:\/\/rnoticias.com.mx\/Portal\/wp-json\/wp\/v2\/posts\/215281","targetHints":{"allow":["GET"]}}],"collection":[{"href":"https:\/\/rnoticias.com.mx\/Portal\/wp-json\/wp\/v2\/posts"}],"about":[{"href":"https:\/\/rnoticias.com.mx\/Portal\/wp-json\/wp\/v2\/types\/post"}],"author":[{"embeddable":true,"href":"https:\/\/rnoticias.com.mx\/Portal\/wp-json\/wp\/v2\/users\/2"}],"replies":[{"embeddable":true,"href":"https:\/\/rnoticias.com.mx\/Portal\/wp-json\/wp\/v2\/comments?post=215281"}],"version-history":[{"count":1,"href":"https:\/\/rnoticias.com.mx\/Portal\/wp-json\/wp\/v2\/posts\/215281\/revisions"}],"predecessor-version":[{"id":215283,"href":"https:\/\/rnoticias.com.mx\/Portal\/wp-json\/wp\/v2\/posts\/215281\/revisions\/215283"}],"wp:featuredmedia":[{"embeddable":true,"href":"https:\/\/rnoticias.com.mx\/Portal\/wp-json\/wp\/v2\/media\/215282"}],"wp:attachment":[{"href":"https:\/\/rnoticias.com.mx\/Portal\/wp-json\/wp\/v2\/media?parent=215281"}],"wp:term":[{"taxonomy":"category","embeddable":true,"href":"https:\/\/rnoticias.com.mx\/Portal\/wp-json\/wp\/v2\/categories?post=215281"},{"taxonomy":"post_tag","embeddable":true,"href":"https:\/\/rnoticias.com.mx\/Portal\/wp-json\/wp\/v2\/tags?post=215281"}],"curies":[{"name":"wp","href":"https:\/\/api.w.org\/{rel}","templated":true}]}}