{"id":215267,"date":"2025-04-16T17:15:43","date_gmt":"2025-04-16T17:15:43","guid":{"rendered":"https:\/\/rnoticias.com.mx\/Portal\/?p=215267"},"modified":"2025-04-16T17:15:43","modified_gmt":"2025-04-16T17:15:43","slug":"localizan-con-vida-a-generador-de-contenidos-desaparecido-en-rayon","status":"publish","type":"post","link":"https:\/\/rnoticias.com.mx\/Portal\/2025\/04\/16\/localizan-con-vida-a-generador-de-contenidos-desaparecido-en-rayon\/","title":{"rendered":"Localizan con vida a generador de contenidos desaparecido en Ray\u00f3n"},"content":{"rendered":"<p>Hermosillo, Sonora, 16 de abril de 2025.- Tras su desaparici\u00f3n el pasado 7 de abril, se recibi\u00f3 la denuncia por parte de su esposa el d\u00eda 12 del mismo mes, iniciando las investigaciones.<\/p>\n<p>El lunes 14 de abril, se inform\u00f3 que se hab\u00eda localizado su veh\u00edculo en la zona rural al oriente de Hermosillo y que se realizaban las investigaciones para dar con su paradero.<\/p>\n<p>Tras su b\u00fasqueda y localizaci\u00f3n el perjudicado se neg\u00f3 a dar declaraciones sobre lo ocurrido y regres\u00f3 con su familia a Sinaloa.<\/p>\n<p>La Fiscal\u00eda General de Justicia del Estado de Sonora (FGJES) mantiene investigaciones con el fin de esclarecer los hechos.<\/p>\n","protected":false},"excerpt":{"rendered":"<p>Hermosillo, Sonora, 16 de abril de 2025.- Tras su desaparici\u00f3n el pasado 7 de abril, se recibi\u00f3 la denuncia por parte de su esposa el d\u00eda 12 del mismo mes, iniciando las investigaciones. El lunes 14 de abril, se inform\u00f3 que se hab\u00eda localizado su veh\u00edculo en la zona rural al oriente de Hermosillo y [&hellip;]<\/p>\n","protected":false},"author":2,"featured_media":215268,"comment_status":"closed","ping_status":"closed","sticky":false,"template":"","format":"standard","meta":{"footnotes":""},"categories":[12870,174],"tags":[12865,12873],"class_list":["post-215267","post","type-post","status-publish","format-standard","has-post-thumbnail","hentry","category-destacadas","category-estatal","tag-destacadas","tag-estatal"],"jetpack_featured_media_url":"https:\/\/rnoticias.com.mx\/Portal\/wp-content\/uploads\/2025\/04\/8dec6834-3e93-42d9-9764-1bf5e0edca04.jpg","amp_enabled":true,"_links":{"self":[{"href":"https:\/\/rnoticias.com.mx\/Portal\/wp-json\/wp\/v2\/posts\/215267","targetHints":{"allow":["GET"]}}],"collection":[{"href":"https:\/\/rnoticias.com.mx\/Portal\/wp-json\/wp\/v2\/posts"}],"about":[{"href":"https:\/\/rnoticias.com.mx\/Portal\/wp-json\/wp\/v2\/types\/post"}],"author":[{"embeddable":true,"href":"https:\/\/rnoticias.com.mx\/Portal\/wp-json\/wp\/v2\/users\/2"}],"replies":[{"embeddable":true,"href":"https:\/\/rnoticias.com.mx\/Portal\/wp-json\/wp\/v2\/comments?post=215267"}],"version-history":[{"count":1,"href":"https:\/\/rnoticias.com.mx\/Portal\/wp-json\/wp\/v2\/posts\/215267\/revisions"}],"predecessor-version":[{"id":215269,"href":"https:\/\/rnoticias.com.mx\/Portal\/wp-json\/wp\/v2\/posts\/215267\/revisions\/215269"}],"wp:featuredmedia":[{"embeddable":true,"href":"https:\/\/rnoticias.com.mx\/Portal\/wp-json\/wp\/v2\/media\/215268"}],"wp:attachment":[{"href":"https:\/\/rnoticias.com.mx\/Portal\/wp-json\/wp\/v2\/media?parent=215267"}],"wp:term":[{"taxonomy":"category","embeddable":true,"href":"https:\/\/rnoticias.com.mx\/Portal\/wp-json\/wp\/v2\/categories?post=215267"},{"taxonomy":"post_tag","embeddable":true,"href":"https:\/\/rnoticias.com.mx\/Portal\/wp-json\/wp\/v2\/tags?post=215267"}],"curies":[{"name":"wp","href":"https:\/\/api.w.org\/{rel}","templated":true}]}}