{"id":215231,"date":"2025-04-16T14:57:14","date_gmt":"2025-04-16T14:57:14","guid":{"rendered":"https:\/\/rnoticias.com.mx\/Portal\/?p=215231"},"modified":"2025-04-16T14:57:14","modified_gmt":"2025-04-16T14:57:14","slug":"fgjes-obtiene-vinculacion-a-proceso-contra-imputado-por-homicidio-calificado-en-san-luis-rio-colorado","status":"publish","type":"post","link":"https:\/\/rnoticias.com.mx\/Portal\/2025\/04\/16\/fgjes-obtiene-vinculacion-a-proceso-contra-imputado-por-homicidio-calificado-en-san-luis-rio-colorado\/","title":{"rendered":"FGJES obtiene vinculaci\u00f3n a proceso contra imputado por homicidio calificado en San Luis R\u00edo Colorado"},"content":{"rendered":"<p>San Luis R\u00edo Colorado, Sonora, 16 de abril de 2025.- La Fiscal\u00eda General de Justicia del Estado de Sonora (FGJES) obtuvo la vinculaci\u00f3n a proceso con medida cautelar de prisi\u00f3n preventiva justificada en contra de Ricardo \u201cN\u201d y\/o Ricardo Jair \u201cN\u201d, de 27 a\u00f1os, se\u00f1alado como presunto responsable del delito de homicidio calificado con alevos\u00eda y ventaja, cometido en perjuicio de Venustiano \u201cN\u201d, de 48 a\u00f1os.<\/p>\n<p>Los hechos que se imputan al se\u00f1alado ocurrieron el 2 de noviembre de 2024, aproximadamente a las 13:15 horas, cuando arrib\u00f3 al domicilio de la colonia Jalisco, donde sac\u00f3 un arma de fuego y comenz\u00f3 a disparar en contra de Venustiano \u201cN\u201d; las lesiones le provocaron shock hipovol\u00e9mico, laceraci\u00f3n pulmonar y traumatismo craneoencef\u00e1lico severo, lo que ocasion\u00f3 la muerte de la v\u00edctima en el lugar de los hechos.<\/p>\n<p>Tras las investigaciones pertinentes se determin\u00f3 la identidad del probable responsable y se obtuvo del Juez de Control la orden de aprehensi\u00f3n respectiva, misma que ejecutaron elementos de la Agencia Ministerial de Investigaci\u00f3n Criminal (AMIC).<\/p>\n<p>Ahora, el imputado se encuentra a la espera de que sean los tribunales quienes determinen su situaci\u00f3n jur\u00eddica en las pr\u00f3ximas audiencias que el proceso exige, mismas en las que esta representaci\u00f3n social buscar\u00e1 la pena m\u00e1s alta en derecho procedente.<\/p>\n","protected":false},"excerpt":{"rendered":"<p>San Luis R\u00edo Colorado, Sonora, 16 de abril de 2025.- La Fiscal\u00eda General de Justicia del Estado de Sonora (FGJES) obtuvo la vinculaci\u00f3n a proceso con medida cautelar de prisi\u00f3n preventiva justificada en contra de Ricardo \u201cN\u201d y\/o Ricardo Jair \u201cN\u201d, de 27 a\u00f1os, se\u00f1alado como presunto responsable del delito de homicidio calificado con alevos\u00eda [&hellip;]<\/p>\n","protected":false},"author":2,"featured_media":215232,"comment_status":"closed","ping_status":"closed","sticky":false,"template":"","format":"standard","meta":{"footnotes":""},"categories":[12870,174],"tags":[12865,12873],"class_list":["post-215231","post","type-post","status-publish","format-standard","has-post-thumbnail","hentry","category-destacadas","category-estatal","tag-destacadas","tag-estatal"],"jetpack_featured_media_url":"https:\/\/rnoticias.com.mx\/Portal\/wp-content\/uploads\/2025\/04\/5d527242-4670-4fcf-bb8c-d44800812744.jpg","amp_enabled":true,"_links":{"self":[{"href":"https:\/\/rnoticias.com.mx\/Portal\/wp-json\/wp\/v2\/posts\/215231","targetHints":{"allow":["GET"]}}],"collection":[{"href":"https:\/\/rnoticias.com.mx\/Portal\/wp-json\/wp\/v2\/posts"}],"about":[{"href":"https:\/\/rnoticias.com.mx\/Portal\/wp-json\/wp\/v2\/types\/post"}],"author":[{"embeddable":true,"href":"https:\/\/rnoticias.com.mx\/Portal\/wp-json\/wp\/v2\/users\/2"}],"replies":[{"embeddable":true,"href":"https:\/\/rnoticias.com.mx\/Portal\/wp-json\/wp\/v2\/comments?post=215231"}],"version-history":[{"count":1,"href":"https:\/\/rnoticias.com.mx\/Portal\/wp-json\/wp\/v2\/posts\/215231\/revisions"}],"predecessor-version":[{"id":215233,"href":"https:\/\/rnoticias.com.mx\/Portal\/wp-json\/wp\/v2\/posts\/215231\/revisions\/215233"}],"wp:featuredmedia":[{"embeddable":true,"href":"https:\/\/rnoticias.com.mx\/Portal\/wp-json\/wp\/v2\/media\/215232"}],"wp:attachment":[{"href":"https:\/\/rnoticias.com.mx\/Portal\/wp-json\/wp\/v2\/media?parent=215231"}],"wp:term":[{"taxonomy":"category","embeddable":true,"href":"https:\/\/rnoticias.com.mx\/Portal\/wp-json\/wp\/v2\/categories?post=215231"},{"taxonomy":"post_tag","embeddable":true,"href":"https:\/\/rnoticias.com.mx\/Portal\/wp-json\/wp\/v2\/tags?post=215231"}],"curies":[{"name":"wp","href":"https:\/\/api.w.org\/{rel}","templated":true}]}}