{"id":215225,"date":"2025-04-16T14:55:22","date_gmt":"2025-04-16T14:55:22","guid":{"rendered":"https:\/\/rnoticias.com.mx\/Portal\/?p=215225"},"modified":"2025-04-16T14:55:22","modified_gmt":"2025-04-16T14:55:22","slug":"promueve-gobierno-de-sonora-actividades-recreativas-sin-costo-o-de-bajo-costo-para-realizar-en-familia","status":"publish","type":"post","link":"https:\/\/rnoticias.com.mx\/Portal\/2025\/04\/16\/promueve-gobierno-de-sonora-actividades-recreativas-sin-costo-o-de-bajo-costo-para-realizar-en-familia\/","title":{"rendered":"Promueve Gobierno de Sonora actividades recreativas sin costo o de bajo costo para realizar en familia"},"content":{"rendered":"<p align=\"justify\">Hermosillo, Sonora; 16 de abril de 2025. \u2013 Con el objetivo de fortalecer los lazos familiares y ofrecer alternativas de sano esparcimiento, el Sistema DIF Sonora invita a ni\u00f1as, ni\u00f1os y sus familias a disfrutar de actividades recreativas accesibles durante los d\u00edas de descanso y en el marco de la celebraci\u00f3n del Mes de la Ni\u00f1ez.<\/p>\n<p align=\"justify\">A trav\u00e9s de su sitio web oficial,\u00a0<a href=\"https:\/\/dif.sonora.gob.mx\/\" target=\"_blank\" rel=\"noopener\" data-saferedirecturl=\"https:\/\/www.google.com\/url?q=https:\/\/dif.sonora.gob.mx\/&amp;source=gmail&amp;ust=1744841390365000&amp;usg=AOvVaw1TnT2lw-AE7k-yCwhjR33u\">https:\/\/dif.sonora.gob.mx\/<\/a>, en el men\u00fa Acciones, se puede descargar de manera gratuita un \u00e1lbum de actividades y afirmaciones positivas, que incluye 30 propuestas divertidas y creativas para compartir en familia. Estas actividades est\u00e1n pensadas para realizarse en casa, en parques o en espacios p\u00fablicos, sin necesidad de realizar grandes gastos.<\/p>\n<p align=\"justify\">La directora general del Sistema DIF Sonora, Lizeth V\u00e1squez Ochoa, destac\u00f3 la importancia de crear momentos significativos en familia y fomentar la convivencia desde el amor y el juego.<\/p>\n<p align=\"justify\">\u201cEn DIF Sonora sabemos que las ni\u00f1as y los ni\u00f1os recuerdan con cari\u00f1o los momentos que comparten con quienes m\u00e1s quieren. Por eso, dise\u00f1amos este \u00e1lbum con actividades sencillas pero llenas de valor, que ayudan a fortalecer el v\u00ednculo familiar y a promover el bienestar emocional de nuestras ni\u00f1as y nuestros ni\u00f1os\u201d, expres\u00f3.<\/p>\n<p align=\"justify\">Esta iniciativa forma parte de las acciones impulsadas por el Gobierno de Sonora, que encabeza el gobernador Alfonso Durazo Monta\u00f1o, y por la presidenta honoraria del Sistema DIF Sonora, Roc\u00edo Ch\u00e1vez Murillo, con el objetivo de llevar bienestar a todos los hogares sonorenses, priorizando siempre a la ni\u00f1ez.<\/p>\n<p align=\"justify\">Durante este Mes de la Ni\u00f1ez, se recuerda que el Parque Infantil estar\u00e1 abierto de martes a domingo, en un horario de 12:00 a 20:00 horas, con un costo de entrada de 10 pesos.<\/p>\n","protected":false},"excerpt":{"rendered":"<p>Hermosillo, Sonora; 16 de abril de 2025. \u2013 Con el objetivo de fortalecer los lazos familiares y ofrecer alternativas de sano esparcimiento, el Sistema DIF Sonora invita a ni\u00f1as, ni\u00f1os y sus familias a disfrutar de actividades recreativas accesibles durante los d\u00edas de descanso y en el marco de la celebraci\u00f3n del Mes de la [&hellip;]<\/p>\n","protected":false},"author":2,"featured_media":215226,"comment_status":"closed","ping_status":"closed","sticky":false,"template":"","format":"standard","meta":{"footnotes":""},"categories":[12870,178],"tags":[12865,12869],"class_list":["post-215225","post","type-post","status-publish","format-standard","has-post-thumbnail","hentry","category-destacadas","category-local","tag-destacadas","tag-local"],"jetpack_featured_media_url":"https:\/\/rnoticias.com.mx\/Portal\/wp-content\/uploads\/2025\/04\/unnamed-71.jpg","amp_enabled":true,"_links":{"self":[{"href":"https:\/\/rnoticias.com.mx\/Portal\/wp-json\/wp\/v2\/posts\/215225","targetHints":{"allow":["GET"]}}],"collection":[{"href":"https:\/\/rnoticias.com.mx\/Portal\/wp-json\/wp\/v2\/posts"}],"about":[{"href":"https:\/\/rnoticias.com.mx\/Portal\/wp-json\/wp\/v2\/types\/post"}],"author":[{"embeddable":true,"href":"https:\/\/rnoticias.com.mx\/Portal\/wp-json\/wp\/v2\/users\/2"}],"replies":[{"embeddable":true,"href":"https:\/\/rnoticias.com.mx\/Portal\/wp-json\/wp\/v2\/comments?post=215225"}],"version-history":[{"count":1,"href":"https:\/\/rnoticias.com.mx\/Portal\/wp-json\/wp\/v2\/posts\/215225\/revisions"}],"predecessor-version":[{"id":215227,"href":"https:\/\/rnoticias.com.mx\/Portal\/wp-json\/wp\/v2\/posts\/215225\/revisions\/215227"}],"wp:featuredmedia":[{"embeddable":true,"href":"https:\/\/rnoticias.com.mx\/Portal\/wp-json\/wp\/v2\/media\/215226"}],"wp:attachment":[{"href":"https:\/\/rnoticias.com.mx\/Portal\/wp-json\/wp\/v2\/media?parent=215225"}],"wp:term":[{"taxonomy":"category","embeddable":true,"href":"https:\/\/rnoticias.com.mx\/Portal\/wp-json\/wp\/v2\/categories?post=215225"},{"taxonomy":"post_tag","embeddable":true,"href":"https:\/\/rnoticias.com.mx\/Portal\/wp-json\/wp\/v2\/tags?post=215225"}],"curies":[{"name":"wp","href":"https:\/\/api.w.org\/{rel}","templated":true}]}}