{"id":215217,"date":"2025-04-16T14:49:27","date_gmt":"2025-04-16T14:49:27","guid":{"rendered":"https:\/\/rnoticias.com.mx\/Portal\/?p=215217"},"modified":"2025-04-16T14:49:27","modified_gmt":"2025-04-16T14:49:27","slug":"mexico-tiene-mucho-miedo-a-los-carteles-trump","status":"publish","type":"post","link":"https:\/\/rnoticias.com.mx\/Portal\/2025\/04\/16\/mexico-tiene-mucho-miedo-a-los-carteles-trump\/","title":{"rendered":"M\u00e9xico tiene \u2018mucho miedo\u2019 a los c\u00e1rteles: Trump"},"content":{"rendered":"<p>M\u00e9xico le tiene \u201cmucho, mucho miedo a los c\u00e1rteles\u201d, afirm\u00f3 el presidente de Estados Unidos, Donald Trump.<\/p>\n<p>El republicano concedi\u00f3 una entrevista a la conductora Rachel Campos-Duffy de Fox Noticias, en la que presumi\u00f3 que su gobierno ha sido exitoso al abordar la crisis fronteriza.<\/p>\n<p>\u201cCreo que lo que la gente ahora comprende es que la frontera est\u00e1 al 100 por ciento. Est\u00e1 literalmente al 100 por ciento. Es perfecta ahora, y no s\u00e9 si se nota. Perfecta. Pero va a mejorar.<\/p>\n<div id=\"eldia-1042986661\" class=\"eldia-contenido eldia-target\" data-eldia-trackid=\"1573641\" data-eldia-trackbid=\"1\"><\/div>\n<p>\u201cY, por cierto, queremos que la gente entre, pero tienen que hacerlo legalmente y todos est\u00e1n de acuerdo con eso\u201d, asegur\u00f3 el magnate a Fox Noticias.<\/p>\n<p>Durante la entrevista, el mandatario tambi\u00e9n se jact\u00f3 de su pol\u00edtica arancelaria.<\/p>\n<p>\u201cEstamos ganando much\u00edsimo dinero al recibir miles de millones, cientos de miles de millones de d\u00f3lares en aranceles de otros pa\u00edses que durante muchas d\u00e9cadas estafaron a Estados Unidos. Y es hora de que no permitamos que eso suceda\u201d, subray\u00f3.<\/p>\n<div class=\"stream-item stream-item-in-post stream-item-inline-post aligncenter\">\n<div class=\"stream-item-size\"><\/div>\n<\/div>\n<h2 class=\"wp-block-heading\">\u201cME LLEVO MUY BIEN CON LA PRESIDENTA\u201d<\/h2>\n<p>En referencia a M\u00e9xico, el republicano insisti\u00f3 en la buena relaci\u00f3n que tiene con la presidenta Claudia Sheinbaum, pero insisti\u00f3 en que los c\u00e1rteles del narcotr\u00e1fico controlan grandes zonas del pa\u00eds.<\/p>\n<p>\u2014 \u00bfCu\u00e1l es su plan para enfrentar a los c\u00e1rteles mexicanos?, pregunt\u00f3 Campos-Duffy.<\/p>\n<p>\u201cEstamos trabajando con M\u00e9xico. M\u00e9xico, pienso, le tiene mucho, mucho miedo a los c\u00e1rteles. De hecho, creo que los c\u00e1rteles controlan grandes regiones de M\u00e9xico, y no quisiera estar diciendo esto porque me llevo muy bien con la presidenta\u201d, remarc\u00f3 Trump.<\/p>\n<p>\u201cEstoy tratando muy bien con su nuevo gobierno, con la nueva presidenta, que es una mujer muy buena. La relaci\u00f3n es muy buena, y queremos ayudarla, y queremos ayudar a M\u00e9xico, porque no se puede gobernar un pa\u00eds as\u00ed. Simplemente no se puede\u201d, subray\u00f3 el mandatario, quien consider\u00f3 que los c\u00e1rteles \u201chan hecho una fortuna\u201d.<\/p>\n<p>&nbsp;<\/p>\n<p>APRO<\/p>\n","protected":false},"excerpt":{"rendered":"<p>M\u00e9xico le tiene \u201cmucho, mucho miedo a los c\u00e1rteles\u201d, afirm\u00f3 el presidente de Estados Unidos, Donald Trump. El republicano concedi\u00f3 una entrevista a la conductora Rachel Campos-Duffy de Fox Noticias, en la que presumi\u00f3 que su gobierno ha sido exitoso al abordar la crisis fronteriza. \u201cCreo que lo que la gente ahora comprende es que [&hellip;]<\/p>\n","protected":false},"author":2,"featured_media":215218,"comment_status":"closed","ping_status":"closed","sticky":false,"template":"","format":"standard","meta":{"footnotes":""},"categories":[12870,182],"tags":[12865,12871],"class_list":["post-215217","post","type-post","status-publish","format-standard","has-post-thumbnail","hentry","category-destacadas","category-internacional","tag-destacadas","tag-internacional"],"jetpack_featured_media_url":"https:\/\/rnoticias.com.mx\/Portal\/wp-content\/uploads\/2025\/04\/trump-carteles-200050-1024x576-1.jpg","amp_enabled":true,"_links":{"self":[{"href":"https:\/\/rnoticias.com.mx\/Portal\/wp-json\/wp\/v2\/posts\/215217","targetHints":{"allow":["GET"]}}],"collection":[{"href":"https:\/\/rnoticias.com.mx\/Portal\/wp-json\/wp\/v2\/posts"}],"about":[{"href":"https:\/\/rnoticias.com.mx\/Portal\/wp-json\/wp\/v2\/types\/post"}],"author":[{"embeddable":true,"href":"https:\/\/rnoticias.com.mx\/Portal\/wp-json\/wp\/v2\/users\/2"}],"replies":[{"embeddable":true,"href":"https:\/\/rnoticias.com.mx\/Portal\/wp-json\/wp\/v2\/comments?post=215217"}],"version-history":[{"count":1,"href":"https:\/\/rnoticias.com.mx\/Portal\/wp-json\/wp\/v2\/posts\/215217\/revisions"}],"predecessor-version":[{"id":215219,"href":"https:\/\/rnoticias.com.mx\/Portal\/wp-json\/wp\/v2\/posts\/215217\/revisions\/215219"}],"wp:featuredmedia":[{"embeddable":true,"href":"https:\/\/rnoticias.com.mx\/Portal\/wp-json\/wp\/v2\/media\/215218"}],"wp:attachment":[{"href":"https:\/\/rnoticias.com.mx\/Portal\/wp-json\/wp\/v2\/media?parent=215217"}],"wp:term":[{"taxonomy":"category","embeddable":true,"href":"https:\/\/rnoticias.com.mx\/Portal\/wp-json\/wp\/v2\/categories?post=215217"},{"taxonomy":"post_tag","embeddable":true,"href":"https:\/\/rnoticias.com.mx\/Portal\/wp-json\/wp\/v2\/tags?post=215217"}],"curies":[{"name":"wp","href":"https:\/\/api.w.org\/{rel}","templated":true}]}}