{"id":215208,"date":"2025-04-16T03:37:15","date_gmt":"2025-04-16T03:37:15","guid":{"rendered":"https:\/\/rnoticias.com.mx\/Portal\/?p=215208"},"modified":"2025-04-16T03:37:15","modified_gmt":"2025-04-16T03:37:15","slug":"gobernador-durazo-impulsa-turismo-sustentable-en-estero-el-soldado-esta-semana-santa-en-sonora","status":"publish","type":"post","link":"https:\/\/rnoticias.com.mx\/Portal\/2025\/04\/16\/gobernador-durazo-impulsa-turismo-sustentable-en-estero-el-soldado-esta-semana-santa-en-sonora\/","title":{"rendered":"Gobernador Durazo impulsa turismo sustentable en Estero El Soldado esta Semana Santa en Sonora"},"content":{"rendered":"<p>Hermosillo, Sonora; 15 de abril de 2025.- Como parte del impulso al turismo sustentable y el compromiso con el medio ambiente, el gobernador Alfonso Durazo Monta\u00f1o promueve acciones de mejora y actividades recreativas para que las familias sonorenses y visitantes disfruten del \u00c1rea Natural Protegida Estero El Soldado durante este periodo vacacional de Semana Santa en Sonora.<\/p>\n<p>El titular de la Comisi\u00f3n de Ecolog\u00eda y Desarrollo Sustentable del Estado de Sonora (CEDES), Carlos Ernesto Zatarain Gonz\u00e1lez, en representaci\u00f3n del gobernador Alfonso Durazo Monta\u00f1o, dio el banderazo oficial a las actividades ecotur\u00edsticas en este emblem\u00e1tico sitio, reafirmando el inter\u00e9s de la administraci\u00f3n estatal por promover espacios seguros, educativos y de conservaci\u00f3n ambiental.<\/p>\n<p>Con estas acciones se promueve el valor ecol\u00f3gico y cultural del Estero El Soldado, as\u00ed como la importancia de fomentar una conciencia ambiental a trav\u00e9s del turismo de naturaleza.<\/p>\n<p>Durante esta Semana Santa, el Estero El Soldado ofrecer\u00e1 diversas actividades para todas las edades, que incluyen: recorridos guiados en kayak para explorar la laguna y observar su biodiversidad, senderismo y ciclismo de monta\u00f1a con gu\u00edas especializados, acceso a un museo ecol\u00f3gico, \u00e1reas de descanso, mirador y zona de snacks.<\/p>\n<p>El Estero permanecer\u00e1 abierto todos los d\u00edas del periodo vacacional, en un horario de 8:30 a 15:00 horas, con un costo de entrada general de 30 pesos y precios accesibles en cada actividad.<\/p>\n","protected":false},"excerpt":{"rendered":"<p>Hermosillo, Sonora; 15 de abril de 2025.- Como parte del impulso al turismo sustentable y el compromiso con el medio ambiente, el gobernador Alfonso Durazo Monta\u00f1o promueve acciones de mejora y actividades recreativas para que las familias sonorenses y visitantes disfruten del \u00c1rea Natural Protegida Estero El Soldado durante este periodo vacacional de Semana Santa [&hellip;]<\/p>\n","protected":false},"author":2,"featured_media":215209,"comment_status":"closed","ping_status":"closed","sticky":false,"template":"","format":"standard","meta":{"footnotes":""},"categories":[12870,174],"tags":[12865,12873],"class_list":["post-215208","post","type-post","status-publish","format-standard","has-post-thumbnail","hentry","category-destacadas","category-estatal","tag-destacadas","tag-estatal"],"jetpack_featured_media_url":"https:\/\/rnoticias.com.mx\/Portal\/wp-content\/uploads\/2025\/04\/unnamed-70.jpg","amp_enabled":true,"_links":{"self":[{"href":"https:\/\/rnoticias.com.mx\/Portal\/wp-json\/wp\/v2\/posts\/215208","targetHints":{"allow":["GET"]}}],"collection":[{"href":"https:\/\/rnoticias.com.mx\/Portal\/wp-json\/wp\/v2\/posts"}],"about":[{"href":"https:\/\/rnoticias.com.mx\/Portal\/wp-json\/wp\/v2\/types\/post"}],"author":[{"embeddable":true,"href":"https:\/\/rnoticias.com.mx\/Portal\/wp-json\/wp\/v2\/users\/2"}],"replies":[{"embeddable":true,"href":"https:\/\/rnoticias.com.mx\/Portal\/wp-json\/wp\/v2\/comments?post=215208"}],"version-history":[{"count":1,"href":"https:\/\/rnoticias.com.mx\/Portal\/wp-json\/wp\/v2\/posts\/215208\/revisions"}],"predecessor-version":[{"id":215210,"href":"https:\/\/rnoticias.com.mx\/Portal\/wp-json\/wp\/v2\/posts\/215208\/revisions\/215210"}],"wp:featuredmedia":[{"embeddable":true,"href":"https:\/\/rnoticias.com.mx\/Portal\/wp-json\/wp\/v2\/media\/215209"}],"wp:attachment":[{"href":"https:\/\/rnoticias.com.mx\/Portal\/wp-json\/wp\/v2\/media?parent=215208"}],"wp:term":[{"taxonomy":"category","embeddable":true,"href":"https:\/\/rnoticias.com.mx\/Portal\/wp-json\/wp\/v2\/categories?post=215208"},{"taxonomy":"post_tag","embeddable":true,"href":"https:\/\/rnoticias.com.mx\/Portal\/wp-json\/wp\/v2\/tags?post=215208"}],"curies":[{"name":"wp","href":"https:\/\/api.w.org\/{rel}","templated":true}]}}