{"id":215205,"date":"2025-04-16T03:36:30","date_gmt":"2025-04-16T03:36:30","guid":{"rendered":"https:\/\/rnoticias.com.mx\/Portal\/?p=215205"},"modified":"2025-04-16T03:36:30","modified_gmt":"2025-04-16T03:36:30","slug":"ofrece-ayuntamiento-de-hermosillo-traslados-gratuitos-en-transporte-electrico-del-hbus-al-carcamo-y-parque-madero","status":"publish","type":"post","link":"https:\/\/rnoticias.com.mx\/Portal\/2025\/04\/16\/ofrece-ayuntamiento-de-hermosillo-traslados-gratuitos-en-transporte-electrico-del-hbus-al-carcamo-y-parque-madero\/","title":{"rendered":"Ofrece Ayuntamiento de Hermosillo traslados gratuitos en transporte el\u00e9ctrico del HBus al C\u00e1rcamo y Parque Madero"},"content":{"rendered":"<p><b data-olk-copy-source=\"MessageBody\">Hermosillo, Sonora; 15 de abril, 2025<\/b>.- \u00a0Las familias que se quedan en la ciudad durante los d\u00edas de asueto por Semana Santa podr\u00e1n aprovechar los traslados gratuitos en el cami\u00f3n el\u00e9ctrico H Bus a la Unidad Deportiva El C\u00e1rcamo y al Parque Madero, con salida en tres Centros H\u00e1bitat.<\/p>\n<p>El director de Participaci\u00f3n Ciudadana, Daniel Garc\u00eda Escalante, coment\u00f3 que este servicio hacia lugares recreativos se ofrecer\u00e1 en la semana del lunes 14 al viernes 18 de abril, desde los Centros H\u00e1bitat Olivos, Caf\u00e9 Combate y Minitas.<\/p>\n<p>\u201cComo parte de las instrucciones del presidente municipal, Antonio Astiazar\u00e1n, de ofrecer opciones de sana diversi\u00f3n y esparcimiento para todas las familias, se decidi\u00f3 acercar la posibilidad de visitar estos lugares a quienes viven lejos de ellos\u201d, expres\u00f3 Garc\u00eda Escalante.<\/p>\n<p>Para quienes deseen visitar el C\u00e1rcamo, los recorridos ser\u00e1 de 4 a 7 de la tarde; y para quienes se quieran dirigir al Parque Madero, los viajes ser\u00e1n en un horario de 5:30 de la tarde a 8\u00b730 de la noche.<\/p>\n","protected":false},"excerpt":{"rendered":"<p>Hermosillo, Sonora; 15 de abril, 2025.- \u00a0Las familias que se quedan en la ciudad durante los d\u00edas de asueto por Semana Santa podr\u00e1n aprovechar los traslados gratuitos en el cami\u00f3n el\u00e9ctrico H Bus a la Unidad Deportiva El C\u00e1rcamo y al Parque Madero, con salida en tres Centros H\u00e1bitat. El director de Participaci\u00f3n Ciudadana, Daniel [&hellip;]<\/p>\n","protected":false},"author":2,"featured_media":215206,"comment_status":"closed","ping_status":"closed","sticky":false,"template":"","format":"standard","meta":{"footnotes":""},"categories":[12870,178],"tags":[12865,12869],"class_list":["post-215205","post","type-post","status-publish","format-standard","has-post-thumbnail","hentry","category-destacadas","category-local","tag-destacadas","tag-local"],"jetpack_featured_media_url":"https:\/\/rnoticias.com.mx\/Portal\/wp-content\/uploads\/2025\/04\/Ofrece-Ayuntamiento-de-Hermosillo-traslados-gratuitos.jpeg","amp_enabled":true,"_links":{"self":[{"href":"https:\/\/rnoticias.com.mx\/Portal\/wp-json\/wp\/v2\/posts\/215205","targetHints":{"allow":["GET"]}}],"collection":[{"href":"https:\/\/rnoticias.com.mx\/Portal\/wp-json\/wp\/v2\/posts"}],"about":[{"href":"https:\/\/rnoticias.com.mx\/Portal\/wp-json\/wp\/v2\/types\/post"}],"author":[{"embeddable":true,"href":"https:\/\/rnoticias.com.mx\/Portal\/wp-json\/wp\/v2\/users\/2"}],"replies":[{"embeddable":true,"href":"https:\/\/rnoticias.com.mx\/Portal\/wp-json\/wp\/v2\/comments?post=215205"}],"version-history":[{"count":1,"href":"https:\/\/rnoticias.com.mx\/Portal\/wp-json\/wp\/v2\/posts\/215205\/revisions"}],"predecessor-version":[{"id":215207,"href":"https:\/\/rnoticias.com.mx\/Portal\/wp-json\/wp\/v2\/posts\/215205\/revisions\/215207"}],"wp:featuredmedia":[{"embeddable":true,"href":"https:\/\/rnoticias.com.mx\/Portal\/wp-json\/wp\/v2\/media\/215206"}],"wp:attachment":[{"href":"https:\/\/rnoticias.com.mx\/Portal\/wp-json\/wp\/v2\/media?parent=215205"}],"wp:term":[{"taxonomy":"category","embeddable":true,"href":"https:\/\/rnoticias.com.mx\/Portal\/wp-json\/wp\/v2\/categories?post=215205"},{"taxonomy":"post_tag","embeddable":true,"href":"https:\/\/rnoticias.com.mx\/Portal\/wp-json\/wp\/v2\/tags?post=215205"}],"curies":[{"name":"wp","href":"https:\/\/api.w.org\/{rel}","templated":true}]}}