{"id":215181,"date":"2025-04-15T21:28:45","date_gmt":"2025-04-15T21:28:45","guid":{"rendered":"https:\/\/rnoticias.com.mx\/Portal\/?p=215181"},"modified":"2025-04-15T21:28:45","modified_gmt":"2025-04-15T21:28:45","slug":"se-viene-una-nueva-disminucion-de-temperaturas-en-semana-santa-conagua-sonora","status":"publish","type":"post","link":"https:\/\/rnoticias.com.mx\/Portal\/2025\/04\/15\/se-viene-una-nueva-disminucion-de-temperaturas-en-semana-santa-conagua-sonora\/","title":{"rendered":"Se viene una nueva disminuci\u00f3n de temperaturas en Semana Santa: Conagua Sonora"},"content":{"rendered":"<p>Gracias a la suma de una vaguada polar y un sistema de baja presi\u00f3n, ayudar\u00e1n para que esta semana santa en Sonora se presenten valores agradables de temperaturas y algunos nublados dispersos, anunci\u00f3 la Comisi\u00f3n Nacional del Agua.<\/p>\n<p>&nbsp;<\/p>\n<p>Gilberto Lagarda V\u00e1zquez, especialista t\u00e9cnico de Conagua Sonora, se\u00f1al\u00f3 que durante este martes y mi\u00e9rcoles van a seguir present\u00e1ndose valores m\u00e1ximos en zonas del centro y sur del estado entre los 30 a los 40 grados, pero para el jueves esas mediciones bajar\u00e1n y se mantendr\u00e1n hasta el fin de semana.<\/p>\n<p>&nbsp;<\/p>\n<p><strong>\u00a0\u201cSe espera que para esos d\u00edas una vaguada y una baja presi\u00f3n se posicionen o empiecen a afectar al estado de Sonora con un descenso en las temperaturas y tambi\u00e9n estos nublados no traer\u00e1n lluvias, se esperan condiciones secas toda la semana para el estado\u201d, asever\u00f3.<\/strong><\/p>\n<p>&nbsp;<\/p>\n<p>Detall\u00f3, que entre el martes y jueves, ciudades como San Luis R\u00edo Colorado ver\u00e1n disminuir sus valores m\u00e1ximos de los 32 a los 26 grados, Nogales y Agua Prieta de los 31 a los 28, Cananea de los 31 a los 27, Magdalena de Kino de los 35 a los 29, Hermosillo y Huatabampo de los 37 a los 32, Cajeme de los 41 a los 37, y Arizpe de los 33 a los 30 grados cent\u00edgrados.<\/p>\n<p>&nbsp;<\/p>\n","protected":false},"excerpt":{"rendered":"<p>Gracias a la suma de una vaguada polar y un sistema de baja presi\u00f3n, ayudar\u00e1n para que esta semana santa en Sonora se presenten valores agradables de temperaturas y algunos nublados dispersos, anunci\u00f3 la Comisi\u00f3n Nacional del Agua. &nbsp; Gilberto Lagarda V\u00e1zquez, especialista t\u00e9cnico de Conagua Sonora, se\u00f1al\u00f3 que durante este martes y mi\u00e9rcoles van [&hellip;]<\/p>\n","protected":false},"author":2,"featured_media":215182,"comment_status":"closed","ping_status":"closed","sticky":false,"template":"","format":"standard","meta":{"footnotes":""},"categories":[12870,178],"tags":[12865,12869],"class_list":["post-215181","post","type-post","status-publish","format-standard","has-post-thumbnail","hentry","category-destacadas","category-local","tag-destacadas","tag-local"],"jetpack_featured_media_url":"https:\/\/rnoticias.com.mx\/Portal\/wp-content\/uploads\/2025\/04\/actualizacion-de-clima-en-sonora-140882.jpg","amp_enabled":true,"_links":{"self":[{"href":"https:\/\/rnoticias.com.mx\/Portal\/wp-json\/wp\/v2\/posts\/215181","targetHints":{"allow":["GET"]}}],"collection":[{"href":"https:\/\/rnoticias.com.mx\/Portal\/wp-json\/wp\/v2\/posts"}],"about":[{"href":"https:\/\/rnoticias.com.mx\/Portal\/wp-json\/wp\/v2\/types\/post"}],"author":[{"embeddable":true,"href":"https:\/\/rnoticias.com.mx\/Portal\/wp-json\/wp\/v2\/users\/2"}],"replies":[{"embeddable":true,"href":"https:\/\/rnoticias.com.mx\/Portal\/wp-json\/wp\/v2\/comments?post=215181"}],"version-history":[{"count":1,"href":"https:\/\/rnoticias.com.mx\/Portal\/wp-json\/wp\/v2\/posts\/215181\/revisions"}],"predecessor-version":[{"id":215183,"href":"https:\/\/rnoticias.com.mx\/Portal\/wp-json\/wp\/v2\/posts\/215181\/revisions\/215183"}],"wp:featuredmedia":[{"embeddable":true,"href":"https:\/\/rnoticias.com.mx\/Portal\/wp-json\/wp\/v2\/media\/215182"}],"wp:attachment":[{"href":"https:\/\/rnoticias.com.mx\/Portal\/wp-json\/wp\/v2\/media?parent=215181"}],"wp:term":[{"taxonomy":"category","embeddable":true,"href":"https:\/\/rnoticias.com.mx\/Portal\/wp-json\/wp\/v2\/categories?post=215181"},{"taxonomy":"post_tag","embeddable":true,"href":"https:\/\/rnoticias.com.mx\/Portal\/wp-json\/wp\/v2\/tags?post=215181"}],"curies":[{"name":"wp","href":"https:\/\/api.w.org\/{rel}","templated":true}]}}