{"id":215172,"date":"2025-04-15T20:51:14","date_gmt":"2025-04-15T20:51:14","guid":{"rendered":"https:\/\/rnoticias.com.mx\/Portal\/?p=215172"},"modified":"2025-04-15T20:51:14","modified_gmt":"2025-04-15T20:51:14","slug":"corre-riesgo-vuelo-ciudad-obregon-monterrey-ocv","status":"publish","type":"post","link":"https:\/\/rnoticias.com.mx\/Portal\/2025\/04\/15\/corre-riesgo-vuelo-ciudad-obregon-monterrey-ocv\/","title":{"rendered":"Corre riesgo vuelo Ciudad Obreg\u00f3n-Monterrey: OCV"},"content":{"rendered":"<p><strong>Corre riesgo vuelo Ciudad Obreg\u00f3n-Monterrey: OCV<\/strong><\/p>\n<p>&nbsp;<\/p>\n<p>Reconoce la Oficina de Convenciones y Visitantes del municipio de Cajeme, que el vuelo de Ciudad Obreg\u00f3n hacia Monterrey corre riesgo de ya no operar por la empresa Volaris.<\/p>\n<p>&nbsp;<\/p>\n<p>Nubia Flores Amaya, responsable de la OCV Cajeme, dio a conocer que esa situaci\u00f3n en particular obedece a que dicha empresa reconoce no estar obteniendo los n\u00fameros proyectado para esa ruta entre ambas ciudades.<\/p>\n<p>&nbsp;<\/p>\n<p><strong>\u00a0\u201cAhorita el vuelo que est\u00e1 en riesgo es a Monterrey, el de Volaris Monterrey. Hemos tenido conversaciones con ellos porque nos han presentado n\u00fameros desde el mes de enero, que fue el primer mes entero porque se abri\u00f3 en diciembre, pero donde sus n\u00fameros por ejemplo de marzo, vari\u00f3 mucho, no llegaron al 50 por ciento de ocupaci\u00f3n\u201d, cont\u00f3.<\/strong><\/p>\n<p><strong>\u00a0<\/strong><\/p>\n<p>La titular de la OCV Cajeme, agreg\u00f3 que la decisi\u00f3n final en ese tema lo tiene la empresa Volaris y reconoci\u00f3 que espera no se tenga que llegar a una cancelaci\u00f3n de ese vuelo ya que mermar\u00eda parte de la operatividad diaria del Aeropuerto Internacional de ese municipio que tambi\u00e9n ofrece traslados a puntos como Ciudad de M\u00e9xico, Guadalajara, Tijuana, La Paz, Cabo San Lucas y Monterrey.<\/p>\n","protected":false},"excerpt":{"rendered":"<p>Corre riesgo vuelo Ciudad Obreg\u00f3n-Monterrey: OCV &nbsp; Reconoce la Oficina de Convenciones y Visitantes del municipio de Cajeme, que el vuelo de Ciudad Obreg\u00f3n hacia Monterrey corre riesgo de ya no operar por la empresa Volaris. &nbsp; Nubia Flores Amaya, responsable de la OCV Cajeme, dio a conocer que esa situaci\u00f3n en particular obedece a [&hellip;]<\/p>\n","protected":false},"author":2,"featured_media":215173,"comment_status":"closed","ping_status":"closed","sticky":false,"template":"","format":"standard","meta":{"footnotes":""},"categories":[12870,174],"tags":[12865,12873],"class_list":["post-215172","post","type-post","status-publish","format-standard","has-post-thumbnail","hentry","category-destacadas","category-estatal","tag-destacadas","tag-estatal"],"jetpack_featured_media_url":"https:\/\/rnoticias.com.mx\/Portal\/wp-content\/uploads\/2025\/04\/1053520150211-1.jpg","amp_enabled":true,"_links":{"self":[{"href":"https:\/\/rnoticias.com.mx\/Portal\/wp-json\/wp\/v2\/posts\/215172","targetHints":{"allow":["GET"]}}],"collection":[{"href":"https:\/\/rnoticias.com.mx\/Portal\/wp-json\/wp\/v2\/posts"}],"about":[{"href":"https:\/\/rnoticias.com.mx\/Portal\/wp-json\/wp\/v2\/types\/post"}],"author":[{"embeddable":true,"href":"https:\/\/rnoticias.com.mx\/Portal\/wp-json\/wp\/v2\/users\/2"}],"replies":[{"embeddable":true,"href":"https:\/\/rnoticias.com.mx\/Portal\/wp-json\/wp\/v2\/comments?post=215172"}],"version-history":[{"count":1,"href":"https:\/\/rnoticias.com.mx\/Portal\/wp-json\/wp\/v2\/posts\/215172\/revisions"}],"predecessor-version":[{"id":215174,"href":"https:\/\/rnoticias.com.mx\/Portal\/wp-json\/wp\/v2\/posts\/215172\/revisions\/215174"}],"wp:featuredmedia":[{"embeddable":true,"href":"https:\/\/rnoticias.com.mx\/Portal\/wp-json\/wp\/v2\/media\/215173"}],"wp:attachment":[{"href":"https:\/\/rnoticias.com.mx\/Portal\/wp-json\/wp\/v2\/media?parent=215172"}],"wp:term":[{"taxonomy":"category","embeddable":true,"href":"https:\/\/rnoticias.com.mx\/Portal\/wp-json\/wp\/v2\/categories?post=215172"},{"taxonomy":"post_tag","embeddable":true,"href":"https:\/\/rnoticias.com.mx\/Portal\/wp-json\/wp\/v2\/tags?post=215172"}],"curies":[{"name":"wp","href":"https:\/\/api.w.org\/{rel}","templated":true}]}}