{"id":215124,"date":"2025-04-15T15:31:18","date_gmt":"2025-04-15T15:31:18","guid":{"rendered":"https:\/\/rnoticias.com.mx\/Portal\/?p=215124"},"modified":"2025-04-15T15:31:18","modified_gmt":"2025-04-15T15:31:18","slug":"celebra-tono-astiazaran-la-trayectoria-de-168-servidoras-y-servidores-publicos-municipales","status":"publish","type":"post","link":"https:\/\/rnoticias.com.mx\/Portal\/2025\/04\/15\/celebra-tono-astiazaran-la-trayectoria-de-168-servidoras-y-servidores-publicos-municipales\/","title":{"rendered":"Celebra To\u00f1o Astiazar\u00e1n la trayectoria de 168 servidoras y servidores p\u00fablicos municipales"},"content":{"rendered":"<p><b><span lang=\"ES\" data-olk-copy-source=\"MessageBody\">Hermosillo, Sonora; 15 de abril, 2025.-<\/span><\/b><span lang=\"ES\">\u00a0Como una forma de reconocer su labor al servicio de los hermosillenses, el Presidente Municipal Antonio Astiazar\u00e1n Guti\u00e9rrez entreg\u00f3 reconocimientos y bonos econ\u00f3micos a 168 empleadas y empleados municipales que cumplen este a\u00f1o de 10 a 35 a\u00f1os de servicio.<\/span><\/p>\n<p><span lang=\"ES\">\u00a0<\/span><\/p>\n<p><span lang=\"ES\">Empez\u00f3 por reconocer el aporte de quienes desde las diferentes \u00e1reas del Ayuntamiento han contribuido a logros motivo de orgullo, como el que Hermosillo es la ciudad del pa\u00eds donde m\u00e1s se redujo la percepci\u00f3n de inseguridad y cuyos servicios p\u00fablicos nunca hab\u00edan estado tan bien calificados por la ciudadan\u00eda como en la actualidad, adem\u00e1s de destacar en transparencia e inversi\u00f3n hist\u00f3rica sin endeudamiento.<\/span><\/p>\n<p><span lang=\"ES\">\u00a0<\/span><\/p>\n<p><span lang=\"ES\">\u201cMe siento muy orgulloso de este gran equipo que tenemos en el Ayuntamiento de Hermosillo, y tambi\u00e9n, como me lo ense\u00f1aron mis padres, profundamente agradecido\u201d, expres\u00f3 a las y los trabajadores, quienes recibieron sus distinciones ante sus familiares.<\/span><\/p>\n<p><span lang=\"ES\">\u00a0<\/span><\/p>\n<p><span lang=\"ES\">Les agradeci\u00f3 a nombre del Gobierno Municipal, y en especial como un ciudadano m\u00e1s y padre de familia, por salir cada d\u00eda, con la camiseta del servicio p\u00fablico bien puesta, a dar lo mejor para hacer que Hermosillo sea un lugar seguro, agradable y bonito del que todos puedan sentir orgullo.<\/span><\/p>\n<p><span lang=\"ES\">\u00a0<\/span><\/p>\n<p><span lang=\"ES\">Patricia Dur\u00e1n Mar\u00edn, la primera radio operadora del Departamento de Bomberas y Bomberos de Hermosillo, con 28 a\u00f1os de servicio, represent\u00f3 a las y los empleados que recibieron reconocimientos por su antig\u00fcedad.<\/span><\/p>\n<p><span lang=\"ES\">\u00a0<\/span><\/p>\n<p><span lang=\"ES\">De los festejados en esta ocasi\u00f3n, 24 cumplieron 10 a\u00f1os de antig\u00fcedad en el Ayuntamiento de Hermosillo, 26 han laborado por 15 a\u00f1os; 28 llevan 20 a\u00f1os; 64 cumplieron 25 a\u00f1os; 6 llevan 28, otros 6 completaron 30 a\u00f1os de servicio y 14 los 35 a\u00f1os como empleados municipales.<\/span><\/p>\n<p><span lang=\"ES\">\u00a0<\/span><\/p>\n<p><span lang=\"ES\">Desde 1998 se celebra en el Ayuntamiento de Hermosillo el D\u00eda del Servidor P\u00fablico Municipal con la entrega de reconocimientos y bonos econ\u00f3micos de montos variables seg\u00fan la antig\u00fcedad.<\/span><\/p>\n<p><span lang=\"ES\">\u00a0<\/span><\/p>\n<p><span lang=\"ES\">Asistieron al evento Eduardo Acu\u00f1a Padilla, Secretario del Ayuntamiento; Ram\u00f3n Corral Aguirre, Oficial Mayor; Zaira Fern\u00e1ndez Morales, Contralora Municipal; Jos\u00e9 Armando Rodr\u00edguez Borb\u00f3n, encargado del despacho de la Direcci\u00f3n de Recursos Humanos y el regidor On\u00e9simo Aguilera Burrola, presidente de la Comisi\u00f3n de Asuntos Laborales del Cabildo.<\/span><\/p>\n<p><span lang=\"ES\">\u00a0<\/span><\/p>\n<p><span lang=\"ES\">Atestiguaron la ceremonia representantes de las 4 organizaciones sindicales que agremian a empleadas y empleados municipales, as\u00ed como las regidoras Dulce Robles y Carla Salcido y personal de diferentes \u00e1reas en el Palacio Municipal.<\/span><\/p>\n","protected":false},"excerpt":{"rendered":"<p>Hermosillo, Sonora; 15 de abril, 2025.-\u00a0Como una forma de reconocer su labor al servicio de los hermosillenses, el Presidente Municipal Antonio Astiazar\u00e1n Guti\u00e9rrez entreg\u00f3 reconocimientos y bonos econ\u00f3micos a 168 empleadas y empleados municipales que cumplen este a\u00f1o de 10 a 35 a\u00f1os de servicio. \u00a0 Empez\u00f3 por reconocer el aporte de quienes desde las [&hellip;]<\/p>\n","protected":false},"author":2,"featured_media":215125,"comment_status":"closed","ping_status":"closed","sticky":false,"template":"","format":"standard","meta":{"footnotes":""},"categories":[12870,178],"tags":[12865,12869],"class_list":["post-215124","post","type-post","status-publish","format-standard","has-post-thumbnail","hentry","category-destacadas","category-local","tag-destacadas","tag-local"],"jetpack_featured_media_url":"https:\/\/rnoticias.com.mx\/Portal\/wp-content\/uploads\/2025\/04\/Celebra-Tono-Astiazaran-la-trayectoria-de-168-servidoras-y-4-scaled.jpeg","amp_enabled":true,"_links":{"self":[{"href":"https:\/\/rnoticias.com.mx\/Portal\/wp-json\/wp\/v2\/posts\/215124","targetHints":{"allow":["GET"]}}],"collection":[{"href":"https:\/\/rnoticias.com.mx\/Portal\/wp-json\/wp\/v2\/posts"}],"about":[{"href":"https:\/\/rnoticias.com.mx\/Portal\/wp-json\/wp\/v2\/types\/post"}],"author":[{"embeddable":true,"href":"https:\/\/rnoticias.com.mx\/Portal\/wp-json\/wp\/v2\/users\/2"}],"replies":[{"embeddable":true,"href":"https:\/\/rnoticias.com.mx\/Portal\/wp-json\/wp\/v2\/comments?post=215124"}],"version-history":[{"count":1,"href":"https:\/\/rnoticias.com.mx\/Portal\/wp-json\/wp\/v2\/posts\/215124\/revisions"}],"predecessor-version":[{"id":215126,"href":"https:\/\/rnoticias.com.mx\/Portal\/wp-json\/wp\/v2\/posts\/215124\/revisions\/215126"}],"wp:featuredmedia":[{"embeddable":true,"href":"https:\/\/rnoticias.com.mx\/Portal\/wp-json\/wp\/v2\/media\/215125"}],"wp:attachment":[{"href":"https:\/\/rnoticias.com.mx\/Portal\/wp-json\/wp\/v2\/media?parent=215124"}],"wp:term":[{"taxonomy":"category","embeddable":true,"href":"https:\/\/rnoticias.com.mx\/Portal\/wp-json\/wp\/v2\/categories?post=215124"},{"taxonomy":"post_tag","embeddable":true,"href":"https:\/\/rnoticias.com.mx\/Portal\/wp-json\/wp\/v2\/tags?post=215124"}],"curies":[{"name":"wp","href":"https:\/\/api.w.org\/{rel}","templated":true}]}}