{"id":215121,"date":"2025-04-15T15:04:47","date_gmt":"2025-04-15T15:04:47","guid":{"rendered":"https:\/\/rnoticias.com.mx\/Portal\/?p=215121"},"modified":"2025-04-15T15:04:47","modified_gmt":"2025-04-15T15:04:47","slug":"hongos-le-detonan-una-crisis-de-salud-mental-a-eden-munoz","status":"publish","type":"post","link":"https:\/\/rnoticias.com.mx\/Portal\/2025\/04\/15\/hongos-le-detonan-una-crisis-de-salud-mental-a-eden-munoz\/","title":{"rendered":"Hongos le detonan una crisis de salud mental a Eden Mu\u00f1oz"},"content":{"rendered":"<p>Ed\u00e9n Mu\u00f1oz habl\u00f3 abiertamente sobre uno de los temas m\u00e1s personales y delicados de su vida: el cuadro de ansiedad y depresi\u00f3n que ha enfrentado en los \u00faltimos a\u00f1os.<\/p>\n<p>En entrevista para el canal de YouTube de Yordi Rosado, el cantante de regional mexicano revel\u00f3 que este problema podr\u00eda haber sido detonado por experimentar con hongos.<\/p>\n<p><strong>\u201cCa\u00ed en una intoxicaci\u00f3n por hongos. Y siento que ah\u00ed se abri\u00f3 mi portal ansioso, depresivo\u201d,\u00a0<\/strong>dijo durante la charla.<\/p>\n<div id=\"eldia-2841091797\" class=\"eldia-contenido eldia-target\" data-eldia-trackid=\"1573641\" data-eldia-trackbid=\"1\"><\/div>\n<p>El exintegrante de Calibre 50 no dio muchos detalles sobre su experiencia; sin embargo, reconoci\u00f3 que desde entonces comenz\u00f3 a tener pensamientos y sensaciones que han sido dif\u00edciles de procesar.<\/p>\n<p><strong><em>\u201cNo sab\u00eda qu\u00e9 me estaba pasando. No entend\u00eda lo que sent\u00eda en el cuerpo, en la mente. Y creo que desde ah\u00ed algo se movi\u00f3 muy fuerte en m\u00ed\u201d.<\/em><\/strong><\/p>\n<p>Mu\u00f1oz tambi\u00e9n habl\u00f3 de la importancia de la salud mental y que, actualmente, se encuentra bajo tratamiento psiqui\u00e1trico para estabilizarse.<\/p>\n<div class=\"stream-item stream-item-in-post stream-item-inline-post aligncenter\">\n<div class=\"stream-item-size\"><\/div>\n<\/div>\n<p><strong><em>\u201cTengo un a\u00f1o ya con medicamentos. Y no me da pena decirlo. Porque si algo me ha ayudado a estar mejor, a poder estar con mis hijos, a subirme al escenario, a seguir componiendo, ha sido eso. Y no es f\u00e1cil, no es de la noche a la ma\u00f1ana, pero se puede aprender a vivir con esto\u201d,\u00a0<\/em><\/strong>destac\u00f3.<\/p>\n<h2 class=\"wp-block-heading\">ENFRENT\u00d3 SITUACIONES DIF\u00cdCILES<\/h2>\n<p>Mu\u00f1oz subray\u00f3 que no se trata de una soluci\u00f3n m\u00e1gica ni inmediata, pero s\u00ed de una herramienta que, en conjunto con otras estrategias, ha sido parte de su camino.<\/p>\n<p>Este evento coincidi\u00f3 con otra situaci\u00f3n compleja en su vida: el nacimiento de su hijo Mat\u00edas, quien lleg\u00f3 al mundo con complicaciones pulmonares. Mu\u00f1oz comparti\u00f3 que vivi\u00f3 momentos de gran incertidumbre y miedo durante los primeros d\u00edas del beb\u00e9.<\/p>\n<p><strong><em>\u201cLlega el doctor y me dec\u00eda: \u2018Puede que amanezca, puede que no\u2019. Fue como un tornado de emociones. Estaba completamente fuera de m\u00ed. Era demasiada informaci\u00f3n, demasiada angustia. Y de pronto sent\u00eda que no ten\u00eda control sobre nada\u201d,<\/em><\/strong>\u00a0comparti\u00f3.<\/p>\n","protected":false},"excerpt":{"rendered":"<p>Ed\u00e9n Mu\u00f1oz habl\u00f3 abiertamente sobre uno de los temas m\u00e1s personales y delicados de su vida: el cuadro de ansiedad y depresi\u00f3n que ha enfrentado en los \u00faltimos a\u00f1os. En entrevista para el canal de YouTube de Yordi Rosado, el cantante de regional mexicano revel\u00f3 que este problema podr\u00eda haber sido detonado por experimentar con [&hellip;]<\/p>\n","protected":false},"author":2,"featured_media":215122,"comment_status":"closed","ping_status":"closed","sticky":false,"template":"","format":"standard","meta":{"footnotes":""},"categories":[12870,219],"tags":[12865,12875],"class_list":["post-215121","post","type-post","status-publish","format-standard","has-post-thumbnail","hentry","category-destacadas","category-espectaculos","tag-destacadas","tag-espectaculos"],"jetpack_featured_media_url":"https:\/\/rnoticias.com.mx\/Portal\/wp-content\/uploads\/2025\/04\/2D9992CF-3F2C-4A3B-86CD-B220F2992674.jpeg","amp_enabled":true,"_links":{"self":[{"href":"https:\/\/rnoticias.com.mx\/Portal\/wp-json\/wp\/v2\/posts\/215121","targetHints":{"allow":["GET"]}}],"collection":[{"href":"https:\/\/rnoticias.com.mx\/Portal\/wp-json\/wp\/v2\/posts"}],"about":[{"href":"https:\/\/rnoticias.com.mx\/Portal\/wp-json\/wp\/v2\/types\/post"}],"author":[{"embeddable":true,"href":"https:\/\/rnoticias.com.mx\/Portal\/wp-json\/wp\/v2\/users\/2"}],"replies":[{"embeddable":true,"href":"https:\/\/rnoticias.com.mx\/Portal\/wp-json\/wp\/v2\/comments?post=215121"}],"version-history":[{"count":1,"href":"https:\/\/rnoticias.com.mx\/Portal\/wp-json\/wp\/v2\/posts\/215121\/revisions"}],"predecessor-version":[{"id":215123,"href":"https:\/\/rnoticias.com.mx\/Portal\/wp-json\/wp\/v2\/posts\/215121\/revisions\/215123"}],"wp:featuredmedia":[{"embeddable":true,"href":"https:\/\/rnoticias.com.mx\/Portal\/wp-json\/wp\/v2\/media\/215122"}],"wp:attachment":[{"href":"https:\/\/rnoticias.com.mx\/Portal\/wp-json\/wp\/v2\/media?parent=215121"}],"wp:term":[{"taxonomy":"category","embeddable":true,"href":"https:\/\/rnoticias.com.mx\/Portal\/wp-json\/wp\/v2\/categories?post=215121"},{"taxonomy":"post_tag","embeddable":true,"href":"https:\/\/rnoticias.com.mx\/Portal\/wp-json\/wp\/v2\/tags?post=215121"}],"curies":[{"name":"wp","href":"https:\/\/api.w.org\/{rel}","templated":true}]}}