{"id":215118,"date":"2025-04-15T15:03:18","date_gmt":"2025-04-15T15:03:18","guid":{"rendered":"https:\/\/rnoticias.com.mx\/Portal\/?p=215118"},"modified":"2025-04-15T15:03:18","modified_gmt":"2025-04-15T15:03:18","slug":"nueva-serie-de-netflix-destrona-a-adolescencia-en-la-segunda-semana-de-abril","status":"publish","type":"post","link":"https:\/\/rnoticias.com.mx\/Portal\/2025\/04\/15\/nueva-serie-de-netflix-destrona-a-adolescencia-en-la-segunda-semana-de-abril\/","title":{"rendered":"Nueva serie de Netflix destrona a &#8220;Adolescencia&#8221; en la segunda semana de abril"},"content":{"rendered":"<p>Una nueva serie ha irrumpido con fuerza en el cat\u00e1logo de Netflix, captando r\u00e1pidamente la atenci\u00f3n de los usuarios.\u00a0<strong>Se trata de El jardinero (The Gardener),\u00a0<\/strong>una producci\u00f3n que combina el suspenso con el drama rom\u00e1ntico y que ya ha escalado hasta el primer puesto del Top 10 en M\u00e9xico, desplazando incluso a Adolescencia del lugar m\u00e1s alto.<\/p>\n<p>Protagonizada por \u00c1lvaro Rico y Cecilia Su\u00e1rez\u00a0<strong>(rostros conocidos por su participaci\u00f3n en \u00c9lite y La casa de las flores)<\/strong>\u00a0esta historia de tan solo seis cap\u00edtulos ha generado conversaci\u00f3n entre quienes la han visto, tanto por su trama intrigante como por el reencuentro de estos dos actores en pantalla.<\/p>\n<div><\/div>\n<p><strong>La narrativa gira en torno a Elmer (interpretado por Rico),<\/strong>\u00a0un joven que trabaja en un invernadero gestionado por su madre, la estricta y manipuladora China Jurado (papel a cargo de Su\u00e1rez). Tras un accidente en su ni\u00f1ez, Elmer qued\u00f3 emocionalmente desconectado,\u00a0<mark>lo que su madre utiliza en su beneficio para convertirlo en ejecutor dentro de un negocio clandestino de asesinatos por encargo.<\/mark><\/p>\n<p>La situaci\u00f3n se complica cuando aparece Violeta (Catalina Sopelana), una maestra de preescolar que, lejos de ser solo otra v\u00edctima m\u00e1s en la lista, despierta en Elmer emociones que cre\u00eda perdidas. Ese inesperado renacer de sentimientos pone en riesgo el esquema criminal que ha compartido con su madre,\u00a0<strong>quien no est\u00e1 dispuesta a dejarlo escapar del oscuro camino que han seguido juntos.<\/strong><\/p>\n<p><i>\u201cCada uno de los episodios de El jardinero dura poco menos de 50 minutos\u201d,\u00a0<\/i>lo que la convierte en una opci\u00f3n ideal para quienes disfrutan maratonear miniseries en un solo fin de semana (o incluso en una sola noche).<\/p>\n<p>Los usuarios de redes como X han comenzado a comparar esta producci\u00f3n con otras series populares. Algunos la describen como\u00a0<i><strong>\u201cuna mezcla ideal entre You y Bates Motel\u201d,<\/strong><\/i>\u00a0lo que podr\u00eda atraer a los fan\u00e1ticos de estos t\u00edtulos a darle una oportunidad y sacar sus propias conclusiones.<\/p>\n<p>Mientras series como Black Mirror siguen generando expectativas con su s\u00e9ptima temporada, The Gardener ha logrado destacarse por m\u00e9rito propio,\u00a0<mark>gracias a su argumento original y las s\u00f3lidas interpretaciones de su elenco principal.<\/mark><\/p>\n","protected":false},"excerpt":{"rendered":"<p>Una nueva serie ha irrumpido con fuerza en el cat\u00e1logo de Netflix, captando r\u00e1pidamente la atenci\u00f3n de los usuarios.\u00a0Se trata de El jardinero (The Gardener),\u00a0una producci\u00f3n que combina el suspenso con el drama rom\u00e1ntico y que ya ha escalado hasta el primer puesto del Top 10 en M\u00e9xico, desplazando incluso a Adolescencia del lugar m\u00e1s [&hellip;]<\/p>\n","protected":false},"author":2,"featured_media":215119,"comment_status":"closed","ping_status":"closed","sticky":false,"template":"","format":"standard","meta":{"footnotes":""},"categories":[12870,219],"tags":[12865,12875],"class_list":["post-215118","post","type-post","status-publish","format-standard","has-post-thumbnail","hentry","category-destacadas","category-espectaculos","tag-destacadas","tag-espectaculos"],"jetpack_featured_media_url":"https:\/\/rnoticias.com.mx\/Portal\/wp-content\/uploads\/2025\/04\/imagepng.webp","amp_enabled":true,"_links":{"self":[{"href":"https:\/\/rnoticias.com.mx\/Portal\/wp-json\/wp\/v2\/posts\/215118","targetHints":{"allow":["GET"]}}],"collection":[{"href":"https:\/\/rnoticias.com.mx\/Portal\/wp-json\/wp\/v2\/posts"}],"about":[{"href":"https:\/\/rnoticias.com.mx\/Portal\/wp-json\/wp\/v2\/types\/post"}],"author":[{"embeddable":true,"href":"https:\/\/rnoticias.com.mx\/Portal\/wp-json\/wp\/v2\/users\/2"}],"replies":[{"embeddable":true,"href":"https:\/\/rnoticias.com.mx\/Portal\/wp-json\/wp\/v2\/comments?post=215118"}],"version-history":[{"count":1,"href":"https:\/\/rnoticias.com.mx\/Portal\/wp-json\/wp\/v2\/posts\/215118\/revisions"}],"predecessor-version":[{"id":215120,"href":"https:\/\/rnoticias.com.mx\/Portal\/wp-json\/wp\/v2\/posts\/215118\/revisions\/215120"}],"wp:featuredmedia":[{"embeddable":true,"href":"https:\/\/rnoticias.com.mx\/Portal\/wp-json\/wp\/v2\/media\/215119"}],"wp:attachment":[{"href":"https:\/\/rnoticias.com.mx\/Portal\/wp-json\/wp\/v2\/media?parent=215118"}],"wp:term":[{"taxonomy":"category","embeddable":true,"href":"https:\/\/rnoticias.com.mx\/Portal\/wp-json\/wp\/v2\/categories?post=215118"},{"taxonomy":"post_tag","embeddable":true,"href":"https:\/\/rnoticias.com.mx\/Portal\/wp-json\/wp\/v2\/tags?post=215118"}],"curies":[{"name":"wp","href":"https:\/\/api.w.org\/{rel}","templated":true}]}}