{"id":215095,"date":"2025-04-15T05:25:22","date_gmt":"2025-04-15T05:25:22","guid":{"rendered":"https:\/\/rnoticias.com.mx\/Portal\/?p=215095"},"modified":"2025-04-15T05:25:22","modified_gmt":"2025-04-15T05:25:22","slug":"vinculados-a-proceso-dos-elementos-de-la-policia-municipal-por-incumplimiento-de-un-deber-legal-en-san-luis-rio-colorado","status":"publish","type":"post","link":"https:\/\/rnoticias.com.mx\/Portal\/2025\/04\/15\/vinculados-a-proceso-dos-elementos-de-la-policia-municipal-por-incumplimiento-de-un-deber-legal-en-san-luis-rio-colorado\/","title":{"rendered":"Vinculados a proceso dos elementos de la Polic\u00eda Municipal por incumplimiento de un deber legal en San Luis R\u00edo Colorado"},"content":{"rendered":"<p>San Luis R\u00edo Colorado, Sonora, 14 de abril de 2025.- La Fiscal\u00eda General de Justicia del Estado de Sonora (FGJES) informa que fueron vinculados a proceso Gustavo \u201cN\u201d, de 48 a\u00f1os, y Jos\u00e9 Alberto \u201cN\u201d, de 29 a\u00f1os, ambos agentes de la Polic\u00eda Preventiva y Tr\u00e1nsito Municipal de San Luis R\u00edo Colorado, se\u00f1alados como presuntos responsables del delito de incumplimiento de un deber legal.<\/p>\n<p>Los hechos ocurrieron el d\u00eda 3 de abril de 2025, aproximadamente entre las 21:42 y las 22:00 horas, en el lugar ubicado en la avenida Obreg\u00f3n y calle 7 de la colonia Comercial; en ese momento, los imputados detuvieron a un adolescente de 17 a\u00f1os, debido a su presunta participaci\u00f3n en un accidente de tr\u00e1nsito.<\/p>\n<p>Sin embargo, incumplieron con su deber legal de ponerlo a disposici\u00f3n de la autoridad competente, permitiendo que el involucrado quedara en libertad sin que se siguieran los procedimientos establecidos por el C\u00f3digo Nacional de Procedimientos Penales y la Ley Nacional del Sistema Integral de Justicia Penal para Adolescentes, con lo cual, con sus omisiones, le dieron una ventaja al autor material del homicidio.<\/p>\n<p>El Juez determin\u00f3 imponer a los agentes municipales la medida cautelar de prisi\u00f3n preventiva justificada con fundamento en el C\u00f3digo Nacional de Procedimientos Penales, otorgando un plazo de dos meses para el cierre de la investigaci\u00f3n complementaria.<\/p>\n<p>En lo concerniente al involucrado, la Fiscal\u00eda General de Justicia del Estado de Sonora (FGJES) informa que se encuentra sustra\u00eddo de la acci\u00f3n de la justicia, al haber cruzado la frontera horas antes de la audiencia inicial, por lo cual, se solicitar\u00e1 por los conductos correspondientes a las autoridades de Estados Unidos de Am\u00e9rica la entrega del menor.<\/p>\n<p>Esta representaci\u00f3n social reitera que no se tolerar\u00e1 la impunidad y se actuar\u00e1 con diligencia contra cualquier otro servidor p\u00fablico que pudiera estar relacionado con cualquier encubrimiento o favorecimiento il\u00edcito que pretenda beneficiar al hoy pr\u00f3fugo de la justicia.<\/p>\n","protected":false},"excerpt":{"rendered":"<p>San Luis R\u00edo Colorado, Sonora, 14 de abril de 2025.- La Fiscal\u00eda General de Justicia del Estado de Sonora (FGJES) informa que fueron vinculados a proceso Gustavo \u201cN\u201d, de 48 a\u00f1os, y Jos\u00e9 Alberto \u201cN\u201d, de 29 a\u00f1os, ambos agentes de la Polic\u00eda Preventiva y Tr\u00e1nsito Municipal de San Luis R\u00edo Colorado, se\u00f1alados como presuntos [&hellip;]<\/p>\n","protected":false},"author":2,"featured_media":215096,"comment_status":"closed","ping_status":"closed","sticky":false,"template":"","format":"standard","meta":{"footnotes":""},"categories":[12870,174],"tags":[12865,12873],"class_list":["post-215095","post","type-post","status-publish","format-standard","has-post-thumbnail","hentry","category-destacadas","category-estatal","tag-destacadas","tag-estatal"],"jetpack_featured_media_url":"https:\/\/rnoticias.com.mx\/Portal\/wp-content\/uploads\/2025\/04\/bb57898e-70ef-45dd-ac02-4448410517d7.jpg","amp_enabled":true,"_links":{"self":[{"href":"https:\/\/rnoticias.com.mx\/Portal\/wp-json\/wp\/v2\/posts\/215095","targetHints":{"allow":["GET"]}}],"collection":[{"href":"https:\/\/rnoticias.com.mx\/Portal\/wp-json\/wp\/v2\/posts"}],"about":[{"href":"https:\/\/rnoticias.com.mx\/Portal\/wp-json\/wp\/v2\/types\/post"}],"author":[{"embeddable":true,"href":"https:\/\/rnoticias.com.mx\/Portal\/wp-json\/wp\/v2\/users\/2"}],"replies":[{"embeddable":true,"href":"https:\/\/rnoticias.com.mx\/Portal\/wp-json\/wp\/v2\/comments?post=215095"}],"version-history":[{"count":1,"href":"https:\/\/rnoticias.com.mx\/Portal\/wp-json\/wp\/v2\/posts\/215095\/revisions"}],"predecessor-version":[{"id":215097,"href":"https:\/\/rnoticias.com.mx\/Portal\/wp-json\/wp\/v2\/posts\/215095\/revisions\/215097"}],"wp:featuredmedia":[{"embeddable":true,"href":"https:\/\/rnoticias.com.mx\/Portal\/wp-json\/wp\/v2\/media\/215096"}],"wp:attachment":[{"href":"https:\/\/rnoticias.com.mx\/Portal\/wp-json\/wp\/v2\/media?parent=215095"}],"wp:term":[{"taxonomy":"category","embeddable":true,"href":"https:\/\/rnoticias.com.mx\/Portal\/wp-json\/wp\/v2\/categories?post=215095"},{"taxonomy":"post_tag","embeddable":true,"href":"https:\/\/rnoticias.com.mx\/Portal\/wp-json\/wp\/v2\/tags?post=215095"}],"curies":[{"name":"wp","href":"https:\/\/api.w.org\/{rel}","templated":true}]}}