{"id":215089,"date":"2025-04-15T04:52:00","date_gmt":"2025-04-15T04:52:00","guid":{"rendered":"https:\/\/rnoticias.com.mx\/Portal\/?p=215089"},"modified":"2025-04-15T04:52:00","modified_gmt":"2025-04-15T04:52:00","slug":"invitan-a-la-cuarta-edicion-de-chiquifest-festival-creativo-infantil","status":"publish","type":"post","link":"https:\/\/rnoticias.com.mx\/Portal\/2025\/04\/15\/invitan-a-la-cuarta-edicion-de-chiquifest-festival-creativo-infantil\/","title":{"rendered":"Invitan a la cuarta edici\u00f3n de ChiquiFest. Festival Creativo infantil"},"content":{"rendered":"<p><b data-olk-copy-source=\"MessageBody\">Hermosillo, Sonora; 14 de abril, 2025.-<\/b>\u00a0Para celebrar el d\u00eda de las ni\u00f1as y ni\u00f1os, el Instituto Municipal de Cultura y Arte (IMCA), en coordinaci\u00f3n con DIF Hermosillo, el Instituto del Deporte de Hermosillo y el Instituto Hermosillense de la Juventud, invita a ChiquiFest. Festival Creativo infantil \u201cVamos al Circo\u201d, que se celebrar\u00e1 el 30 de abril en el Parque Madero.<\/p>\n<p>Marianna Gonz\u00e1lez Gast\u00e9lum, Directora General del Instituto Municipal de Cultura y Arte (IMCA) mencion\u00f3 que a partir de las 17:00 horas dar\u00e1n inicio todas las actividades y agradeci\u00f3 el apoyo del Presidente Municipal Antonio Astiazar\u00e1n Guti\u00e9rrez, quien reitera su compromiso en el impulso de acciones que protejan a las infancias y por sus estrategias de activaci\u00f3n de los espacios p\u00fablicos, a trav\u00e9s de actividades art\u00edsticas y culturales.<\/p>\n<p>\u201cTambi\u00e9n se suma Instituto Deporte Hermosillo con el tradicional Rally Deportivo y el ajedrez gigante, tambi\u00e9n el Instituto hermosillense de la Juventud, con una actividad muy atractiva; donde estar\u00e1 presente la coneja de Pascua\u201d.<\/p>\n<p>Gonz\u00e1lez Gast\u00e9lum comparti\u00f3 que se contar\u00e1 con la participaci\u00f3n del mago Johnny, de la compa\u00f1\u00eda de teatro Escena 170 con la obra Carpa Mundi; H\u00e9ctor Flores con el espect\u00e1culo circense para toda la familia y la presentaci\u00f3n del Coro Infantil del Instituto Iris, en la Concha ac\u00fastica del parque.<\/p>\n<p>Agreg\u00f3 que se realizar\u00e1 un recorrido a ciegas por el parque Madero, a cargo de la Comunidad Ciega y de Baja Visi\u00f3n A.C., \u201ccon el objetivo de sensibilizar a la comunidad sobre los retos que enfrentan las personas ciegas y de baja visi\u00f3n\u201d.<\/p>\n<p>Se contar\u00e1 con la presencia de las bibliotecarias y bibliotecarios de la Red de Bibliotecas Municipales de IMCA Hermosillo, quienes impartir\u00e1n talleres de lectura creativa y presentar\u00e1 el libro Las Aventuras de Benjam\u00edn, de Alejandra Castellanos, acerca de un ni\u00f1o que tiene una discapacidad y c\u00f3mo ve el mundo a trav\u00e9s de sus ojos.<\/p>\n<p>Estar\u00e1n personajes de las dependencias como Tina Gotina y Paco Tinaco de Agua de Hermosillo, Trina Catrina, del Festival del D\u00eda de Muertos; Tigre el To\u00f1o del Instituto de la Juventud de Hermosillo y UPIH, de Bomberos de Hermosillo.<\/p>\n<p>La Directora de DIF Hermosillo, Madeleine Bonnafoux, coment\u00f3 que tendr\u00e1n una exposici\u00f3n colectiva llamada Hermosillo a trav\u00e9s de los ojos de la ni\u00f1ez, con material fotogr\u00e1fico del Cabildo Infantil del a\u00f1o 2022 al 2025 en el pasillo lateral de Palacio Municipal.<\/p>\n<p>\u201cSe presentar\u00e1 la Orquesta Sinf\u00f3nica Infantil y Juvenil de DIF Hermosillo. Para la orquesta es una fecha muy importante, porque ser\u00e1 en esta ocasi\u00f3n cuando los nuevos alumnos, ni\u00f1as y ni\u00f1os que ingresaron hacen su primera presentaci\u00f3n en p\u00fablico\u201d, manifest\u00f3.<\/p>\n<p>Mencion\u00f3 que instalar\u00e1n una zona para menores con neurodivergencia, ser\u00e1 un ambiente tranquilo agradable con sonidos de la naturaleza, donde se evitar\u00e1 la contaminaci\u00f3n auditiva y se promover\u00e1 la relajaci\u00f3n.<\/p>\n<p>Habr\u00e1 pintura en caballetes, pintacaritas, una telara\u00f1a con estambre para promover lo que es la psicomotricidad gruesa, una piscina de pelotas y diversas actividades m\u00e1s.<\/p>\n<p aria-hidden=\"true\">\n<p><b>Numeralia<\/b><\/p>\n<p>30 actividades<\/p>\n<p>2 sedes<\/p>\n<p>11 espacios<\/p>\n<p>M\u00e1s de 150 participantes entre talleristas, artistas y organizadores<\/p>\n<p>Se espera la asistencia de m\u00e1s de 4 mil personas<\/p>\n<p>Para detalles del programa se pueden consultar las redes sociales del IMCA Hermosillo y del Ayuntamiento de Hermosillo, as\u00ed como la p\u00e1gina:\u00a0<a title=\"https:\/\/imca.hermosillo.gob.mx\" href=\"https:\/\/imca.hermosillo.gob.mx\/\" target=\"_blank\" rel=\"noopener noreferrer\" data-auth=\"NotApplicable\" data-linkindex=\"0\">https:\/\/imca.hermosillo.gob.mx<\/a><\/p>\n<p aria-hidden=\"true\">\n","protected":false},"excerpt":{"rendered":"<p>Hermosillo, Sonora; 14 de abril, 2025.-\u00a0Para celebrar el d\u00eda de las ni\u00f1as y ni\u00f1os, el Instituto Municipal de Cultura y Arte (IMCA), en coordinaci\u00f3n con DIF Hermosillo, el Instituto del Deporte de Hermosillo y el Instituto Hermosillense de la Juventud, invita a ChiquiFest. Festival Creativo infantil \u201cVamos al Circo\u201d, que se celebrar\u00e1 el 30 de [&hellip;]<\/p>\n","protected":false},"author":2,"featured_media":215090,"comment_status":"closed","ping_status":"closed","sticky":false,"template":"","format":"standard","meta":{"footnotes":""},"categories":[12870,178],"tags":[12865,12869],"class_list":["post-215089","post","type-post","status-publish","format-standard","has-post-thumbnail","hentry","category-destacadas","category-local","tag-destacadas","tag-local"],"jetpack_featured_media_url":"https:\/\/rnoticias.com.mx\/Portal\/wp-content\/uploads\/2025\/04\/Invitan-a-la-cuarta-edicion-de-ChiquiFest-Festival-Creativo-infantil-2.jpeg","amp_enabled":true,"_links":{"self":[{"href":"https:\/\/rnoticias.com.mx\/Portal\/wp-json\/wp\/v2\/posts\/215089","targetHints":{"allow":["GET"]}}],"collection":[{"href":"https:\/\/rnoticias.com.mx\/Portal\/wp-json\/wp\/v2\/posts"}],"about":[{"href":"https:\/\/rnoticias.com.mx\/Portal\/wp-json\/wp\/v2\/types\/post"}],"author":[{"embeddable":true,"href":"https:\/\/rnoticias.com.mx\/Portal\/wp-json\/wp\/v2\/users\/2"}],"replies":[{"embeddable":true,"href":"https:\/\/rnoticias.com.mx\/Portal\/wp-json\/wp\/v2\/comments?post=215089"}],"version-history":[{"count":1,"href":"https:\/\/rnoticias.com.mx\/Portal\/wp-json\/wp\/v2\/posts\/215089\/revisions"}],"predecessor-version":[{"id":215091,"href":"https:\/\/rnoticias.com.mx\/Portal\/wp-json\/wp\/v2\/posts\/215089\/revisions\/215091"}],"wp:featuredmedia":[{"embeddable":true,"href":"https:\/\/rnoticias.com.mx\/Portal\/wp-json\/wp\/v2\/media\/215090"}],"wp:attachment":[{"href":"https:\/\/rnoticias.com.mx\/Portal\/wp-json\/wp\/v2\/media?parent=215089"}],"wp:term":[{"taxonomy":"category","embeddable":true,"href":"https:\/\/rnoticias.com.mx\/Portal\/wp-json\/wp\/v2\/categories?post=215089"},{"taxonomy":"post_tag","embeddable":true,"href":"https:\/\/rnoticias.com.mx\/Portal\/wp-json\/wp\/v2\/tags?post=215089"}],"curies":[{"name":"wp","href":"https:\/\/api.w.org\/{rel}","templated":true}]}}