{"id":215086,"date":"2025-04-15T04:49:20","date_gmt":"2025-04-15T04:49:20","guid":{"rendered":"https:\/\/rnoticias.com.mx\/Portal\/?p=215086"},"modified":"2025-04-15T04:49:20","modified_gmt":"2025-04-15T04:49:20","slug":"gobernador-durazo-fortalece-espacios-del-centro-ecologico-para-disfrute-de-familias-esta-semana-santa-en-sonora-paulina-ocana","status":"publish","type":"post","link":"https:\/\/rnoticias.com.mx\/Portal\/2025\/04\/15\/gobernador-durazo-fortalece-espacios-del-centro-ecologico-para-disfrute-de-familias-esta-semana-santa-en-sonora-paulina-ocana\/","title":{"rendered":"Gobernador Durazo fortalece espacios del Centro Ecol\u00f3gico para disfrute de familias esta Semana Santa en Sonora: Paulina Oca\u00f1a"},"content":{"rendered":"<p align=\"left\">Hermosillo, Sonora; 14 de abril de 2025.- Con el compromiso de garantizar un espacio seguro, familiar y educativo durante este periodo vacacional, el gobernador Alfonso Durazo Monta\u00f1o fortaleci\u00f3 los espacios del Centro Ecol\u00f3gico para disfrute de familias sonorenses con \u00e1reas renovadas que ser\u00e1n visitadas en esta Semana Santa en Sonora, y que muestran la majestuosidad de la fauna y flora de la regi\u00f3n.<\/p>\n<p align=\"left\">La jefa de Oficina del Ejecutivo Estatal, Paulina Oca\u00f1a, en representaci\u00f3n del gobernador Alfonso Durazo, destac\u00f3 la importancia de fomentar el turismo local y el sano esparcimiento en espacios que promueven el cuidado del medio ambiente y la conciencia ecol\u00f3gica, destacando el trabajo realizado en el Centro Ecol\u00f3gico bajo el programa \u201cRecuperando el Patrimonio de los sonorenses\u201d.<\/p>\n<p align=\"left\">\u201cQuiero invitar a la ciudadan\u00eda a disfrutar de estas vacaciones con responsabilidad, haciendo uso de los espacios p\u00fablicos y participando en las diversas actividades culturales, recreativas y educativas que se estar\u00e1n llevando a cabo en lugares como el Centro Ecol\u00f3gico\u201d, subray\u00f3.<\/p>\n<p align=\"left\">Durante el evento, Paulina Oca\u00f1a realiz\u00f3 la entrega oficial de un nuevo cami\u00f3n para el Ecosafari, como parte de las acciones del Gobierno del Estado, una atracci\u00f3n emblem\u00e1tica del Centro Ecol\u00f3gico que permitir\u00e1 a los visitantes disfrutar de un recorrido m\u00e1s c\u00f3modo. Asimismo, se entreg\u00f3 un veh\u00edculo utilitario para el equipo de mantenimiento, fortaleciendo as\u00ed la infraestructura operativa del lugar.<\/p>\n<p align=\"left\">Carlos Zatarain Gonz\u00e1lez, titular de la Comisi\u00f3n de Ecolog\u00eda y Desarrollo Sustentable del Estado de Sonora (CEDES), se\u00f1al\u00f3 que el Centro Ecol\u00f3gico de Sonora se consolida como uno de los principales destinos recreativos y educativos del estado, ofreciendo a las familias sonorenses y visitantes un espacio de contacto directo con la biodiversidad regional y mundial, en un ambiente de respeto y aprendizaje.<\/p>\n<p align=\"left\">Este espacio de recreaci\u00f3n estar\u00e1 abierto de lunes a domingo durante las vacaciones de Semana Santa, a partir de las 8:00 hasta las 16:00 horas.<\/p>\n","protected":false},"excerpt":{"rendered":"<p>Hermosillo, Sonora; 14 de abril de 2025.- Con el compromiso de garantizar un espacio seguro, familiar y educativo durante este periodo vacacional, el gobernador Alfonso Durazo Monta\u00f1o fortaleci\u00f3 los espacios del Centro Ecol\u00f3gico para disfrute de familias sonorenses con \u00e1reas renovadas que ser\u00e1n visitadas en esta Semana Santa en Sonora, y que muestran la majestuosidad [&hellip;]<\/p>\n","protected":false},"author":2,"featured_media":215087,"comment_status":"closed","ping_status":"closed","sticky":false,"template":"","format":"standard","meta":{"footnotes":""},"categories":[12870,178],"tags":[12865,12869],"class_list":["post-215086","post","type-post","status-publish","format-standard","has-post-thumbnail","hentry","category-destacadas","category-local","tag-destacadas","tag-local"],"jetpack_featured_media_url":"https:\/\/rnoticias.com.mx\/Portal\/wp-content\/uploads\/2025\/04\/unnamed-66.jpg","amp_enabled":true,"_links":{"self":[{"href":"https:\/\/rnoticias.com.mx\/Portal\/wp-json\/wp\/v2\/posts\/215086","targetHints":{"allow":["GET"]}}],"collection":[{"href":"https:\/\/rnoticias.com.mx\/Portal\/wp-json\/wp\/v2\/posts"}],"about":[{"href":"https:\/\/rnoticias.com.mx\/Portal\/wp-json\/wp\/v2\/types\/post"}],"author":[{"embeddable":true,"href":"https:\/\/rnoticias.com.mx\/Portal\/wp-json\/wp\/v2\/users\/2"}],"replies":[{"embeddable":true,"href":"https:\/\/rnoticias.com.mx\/Portal\/wp-json\/wp\/v2\/comments?post=215086"}],"version-history":[{"count":1,"href":"https:\/\/rnoticias.com.mx\/Portal\/wp-json\/wp\/v2\/posts\/215086\/revisions"}],"predecessor-version":[{"id":215088,"href":"https:\/\/rnoticias.com.mx\/Portal\/wp-json\/wp\/v2\/posts\/215086\/revisions\/215088"}],"wp:featuredmedia":[{"embeddable":true,"href":"https:\/\/rnoticias.com.mx\/Portal\/wp-json\/wp\/v2\/media\/215087"}],"wp:attachment":[{"href":"https:\/\/rnoticias.com.mx\/Portal\/wp-json\/wp\/v2\/media?parent=215086"}],"wp:term":[{"taxonomy":"category","embeddable":true,"href":"https:\/\/rnoticias.com.mx\/Portal\/wp-json\/wp\/v2\/categories?post=215086"},{"taxonomy":"post_tag","embeddable":true,"href":"https:\/\/rnoticias.com.mx\/Portal\/wp-json\/wp\/v2\/tags?post=215086"}],"curies":[{"name":"wp","href":"https:\/\/api.w.org\/{rel}","templated":true}]}}