{"id":215083,"date":"2025-04-15T04:45:01","date_gmt":"2025-04-15T04:45:01","guid":{"rendered":"https:\/\/rnoticias.com.mx\/Portal\/?p=215083"},"modified":"2025-04-15T04:45:01","modified_gmt":"2025-04-15T04:45:01","slug":"informara-conagua-sobre-construccion-de-presas-en-sonora-a-traves-de-foros-de-consulta","status":"publish","type":"post","link":"https:\/\/rnoticias.com.mx\/Portal\/2025\/04\/15\/informara-conagua-sobre-construccion-de-presas-en-sonora-a-traves-de-foros-de-consulta\/","title":{"rendered":"Informar\u00e1 Conagua sobre construcci\u00f3n de presas en Sonora a trav\u00e9s de foros de consulta"},"content":{"rendered":"<p>La Comisi\u00f3n Nacional del Agua en Sonora (Conagua) junto al gobierno estatal, van a realizar reuniones y foros en diferentes municipios del estado para informar a la poblaci\u00f3n sobre los beneficios del proyecto de construcci\u00f3n de 3 presas en la entidad.<\/p>\n<p>&nbsp;<\/p>\n<p>Rodolfo Castro Valdez, titular de la delegaci\u00f3n de Conagua en Sonora, dio a conocer que esos acercamientos que se tendr\u00e1 con la poblaci\u00f3n en la entidad en torno a ese tema, permitir\u00e1 que conozcan los alcances y los beneficios de ello<\/p>\n<p>&nbsp;<\/p>\n<p>\u201cLas presas de Sinoquipe y Puerta del Sol garantizar\u00edan agua para Hermosillo durante los pr\u00f3ximos 40 a\u00f1os. Esta capacidad de almacenamiento que van a tener la presa de Sinoquipe y Puerta del Sol no limita el flujo del R\u00edo, se garantiza tener agua para Hermosillo, pero tambi\u00e9n agua para el uso agr\u00edcola y se combina el agua subterr\u00e1nea con la superficial\u201d, dijo.<\/p>\n<p>&nbsp;<\/p>\n<p>El funcionario estatal, enfatiz\u00f3, que tambi\u00e9n se mostrar\u00e1 con datos t\u00e9cnicos que dichos proyectos no reducir\u00e1n el suministro de agua, ni tampoco se perturbar\u00e1 al ecosistema, lo cual ha sido comentarios que han vertido algunos grupos ambientalistas en la regi\u00f3n.<\/p>\n<p>&nbsp;<\/p>\n","protected":false},"excerpt":{"rendered":"<p>La Comisi\u00f3n Nacional del Agua en Sonora (Conagua) junto al gobierno estatal, van a realizar reuniones y foros en diferentes municipios del estado para informar a la poblaci\u00f3n sobre los beneficios del proyecto de construcci\u00f3n de 3 presas en la entidad. &nbsp; Rodolfo Castro Valdez, titular de la delegaci\u00f3n de Conagua en Sonora, dio a [&hellip;]<\/p>\n","protected":false},"author":2,"featured_media":215084,"comment_status":"closed","ping_status":"closed","sticky":false,"template":"","format":"standard","meta":{"footnotes":""},"categories":[12870,178],"tags":[12865,12869],"class_list":["post-215083","post","type-post","status-publish","format-standard","has-post-thumbnail","hentry","category-destacadas","category-local","tag-destacadas","tag-local"],"jetpack_featured_media_url":"https:\/\/rnoticias.com.mx\/Portal\/wp-content\/uploads\/2025\/04\/0dc4b7ab.jpg","amp_enabled":true,"_links":{"self":[{"href":"https:\/\/rnoticias.com.mx\/Portal\/wp-json\/wp\/v2\/posts\/215083","targetHints":{"allow":["GET"]}}],"collection":[{"href":"https:\/\/rnoticias.com.mx\/Portal\/wp-json\/wp\/v2\/posts"}],"about":[{"href":"https:\/\/rnoticias.com.mx\/Portal\/wp-json\/wp\/v2\/types\/post"}],"author":[{"embeddable":true,"href":"https:\/\/rnoticias.com.mx\/Portal\/wp-json\/wp\/v2\/users\/2"}],"replies":[{"embeddable":true,"href":"https:\/\/rnoticias.com.mx\/Portal\/wp-json\/wp\/v2\/comments?post=215083"}],"version-history":[{"count":1,"href":"https:\/\/rnoticias.com.mx\/Portal\/wp-json\/wp\/v2\/posts\/215083\/revisions"}],"predecessor-version":[{"id":215085,"href":"https:\/\/rnoticias.com.mx\/Portal\/wp-json\/wp\/v2\/posts\/215083\/revisions\/215085"}],"wp:featuredmedia":[{"embeddable":true,"href":"https:\/\/rnoticias.com.mx\/Portal\/wp-json\/wp\/v2\/media\/215084"}],"wp:attachment":[{"href":"https:\/\/rnoticias.com.mx\/Portal\/wp-json\/wp\/v2\/media?parent=215083"}],"wp:term":[{"taxonomy":"category","embeddable":true,"href":"https:\/\/rnoticias.com.mx\/Portal\/wp-json\/wp\/v2\/categories?post=215083"},{"taxonomy":"post_tag","embeddable":true,"href":"https:\/\/rnoticias.com.mx\/Portal\/wp-json\/wp\/v2\/tags?post=215083"}],"curies":[{"name":"wp","href":"https:\/\/api.w.org\/{rel}","templated":true}]}}