{"id":215080,"date":"2025-04-15T04:44:12","date_gmt":"2025-04-15T04:44:12","guid":{"rendered":"https:\/\/rnoticias.com.mx\/Portal\/?p=215080"},"modified":"2025-04-15T04:44:12","modified_gmt":"2025-04-15T04:44:12","slug":"invita-comunidad-seri-a-ser-visitados-en-esta-semana-santa","status":"publish","type":"post","link":"https:\/\/rnoticias.com.mx\/Portal\/2025\/04\/15\/invita-comunidad-seri-a-ser-visitados-en-esta-semana-santa\/","title":{"rendered":"Invita comunidad Seri a ser visitados en esta Semana Santa"},"content":{"rendered":"<p>Hace una invitaci\u00f3n el Gobernador tradicional de la naci\u00f3n Comc\u00e1ac a todas las personas que deseen conocer todas las bellezas con que cuenta ese territorio, para visitarlos en este periodo de Semana Santa 2025.<\/p>\n<p>&nbsp;<\/p>\n<p>Jes\u00fas Alfredo F\u00e9lix Segovia, mencion\u00f3, que su comunidad ya est\u00e1 preparada para mostrarles a sus visitantes toda su cultura, costumbres y sus bellezas naturales que son \u00fanicas entre los grupos ind\u00edgenas de esta zona de Sonora, as\u00ed como del noroeste de M\u00e9xico.<\/p>\n<p>&nbsp;<\/p>\n<p><strong>\u00a0\u201cEl turismo biocultural que tiene que ver con mostrar la cultura, nuestras bellezas naturales, es un nicho que naci\u00f3 hace aproximadamente 10 a\u00f1os, es muy joven, pero de verdad estamos con mucha pasi\u00f3n y mucho gusto a los turistas que deseen visitarnos porque somos un pueblo lleno de magia, de cultura y tenemos un territorio pr\u00edstino, milenario y ancestral donde hay una belleza sin igual\u201d, afirm\u00f3.<\/strong><\/p>\n<p>&nbsp;<\/p>\n<p>Entre toda la amplia gama que esa comunidad les ofrece a sus visitantes son: tours, paseos en lanchas y en Kayak; visitas guiadas a la Isla del Tibur\u00f3n, comidas tradicionales, ceremonias del sapo, limpias de sanaci\u00f3n, encuentros cercanos con la cultura a trav\u00e9s de cantos, pinturas faciales y mucho m\u00e1s.<\/p>\n<p>&nbsp;<\/p>\n","protected":false},"excerpt":{"rendered":"<p>Hace una invitaci\u00f3n el Gobernador tradicional de la naci\u00f3n Comc\u00e1ac a todas las personas que deseen conocer todas las bellezas con que cuenta ese territorio, para visitarlos en este periodo de Semana Santa 2025. &nbsp; Jes\u00fas Alfredo F\u00e9lix Segovia, mencion\u00f3, que su comunidad ya est\u00e1 preparada para mostrarles a sus visitantes toda su cultura, costumbres [&hellip;]<\/p>\n","protected":false},"author":2,"featured_media":215081,"comment_status":"closed","ping_status":"closed","sticky":false,"template":"","format":"standard","meta":{"footnotes":""},"categories":[12870,178],"tags":[12865,12869],"class_list":["post-215080","post","type-post","status-publish","format-standard","has-post-thumbnail","hentry","category-destacadas","category-local","tag-destacadas","tag-local"],"jetpack_featured_media_url":"https:\/\/rnoticias.com.mx\/Portal\/wp-content\/uploads\/2025\/04\/474779872_1099974071811519_745070096693603949_n.jpg","amp_enabled":true,"_links":{"self":[{"href":"https:\/\/rnoticias.com.mx\/Portal\/wp-json\/wp\/v2\/posts\/215080","targetHints":{"allow":["GET"]}}],"collection":[{"href":"https:\/\/rnoticias.com.mx\/Portal\/wp-json\/wp\/v2\/posts"}],"about":[{"href":"https:\/\/rnoticias.com.mx\/Portal\/wp-json\/wp\/v2\/types\/post"}],"author":[{"embeddable":true,"href":"https:\/\/rnoticias.com.mx\/Portal\/wp-json\/wp\/v2\/users\/2"}],"replies":[{"embeddable":true,"href":"https:\/\/rnoticias.com.mx\/Portal\/wp-json\/wp\/v2\/comments?post=215080"}],"version-history":[{"count":1,"href":"https:\/\/rnoticias.com.mx\/Portal\/wp-json\/wp\/v2\/posts\/215080\/revisions"}],"predecessor-version":[{"id":215082,"href":"https:\/\/rnoticias.com.mx\/Portal\/wp-json\/wp\/v2\/posts\/215080\/revisions\/215082"}],"wp:featuredmedia":[{"embeddable":true,"href":"https:\/\/rnoticias.com.mx\/Portal\/wp-json\/wp\/v2\/media\/215081"}],"wp:attachment":[{"href":"https:\/\/rnoticias.com.mx\/Portal\/wp-json\/wp\/v2\/media?parent=215080"}],"wp:term":[{"taxonomy":"category","embeddable":true,"href":"https:\/\/rnoticias.com.mx\/Portal\/wp-json\/wp\/v2\/categories?post=215080"},{"taxonomy":"post_tag","embeddable":true,"href":"https:\/\/rnoticias.com.mx\/Portal\/wp-json\/wp\/v2\/tags?post=215080"}],"curies":[{"name":"wp","href":"https:\/\/api.w.org\/{rel}","templated":true}]}}