{"id":215042,"date":"2025-04-14T20:13:38","date_gmt":"2025-04-14T20:13:38","guid":{"rendered":"https:\/\/rnoticias.com.mx\/Portal\/?p=215042"},"modified":"2025-04-14T20:13:38","modified_gmt":"2025-04-14T20:13:38","slug":"arresta-policia-preventiva-a-62-presuntos-delincuentes","status":"publish","type":"post","link":"https:\/\/rnoticias.com.mx\/Portal\/2025\/04\/14\/arresta-policia-preventiva-a-62-presuntos-delincuentes\/","title":{"rendered":"Arresta Polic\u00eda Preventiva a 62 presuntos delincuentes"},"content":{"rendered":"<div dir=\"auto\"><b>Hermosillo, Sonora a 14 de abril del 2025.-\u00a0<\/b>La Polic\u00eda Preventiva sac\u00f3 de las calles a 62 presuntos delincuentes en patrullajes de prevenci\u00f3n y vigilancia del 07 al 13 de abril.<\/div>\n<div dir=\"auto\"><\/div>\n<div dir=\"auto\">Precis\u00f3 que a 46 se les turn\u00f3 ante el Ministerio P\u00fablico del Fuero Com\u00fan y 16 a la autoridad investigadora de la federaci\u00f3n.<\/div>\n<div dir=\"auto\"><\/div>\n<div dir=\"auto\">En ese periodo se dio atenci\u00f3n a 462 reportes de m\u00fasica en alto volumen y\/o fiestas ruidosas, de los cuales se elaboraron nueve Informes Policiales Homologados.<\/div>\n<div dir=\"auto\"><\/div>\n<div dir=\"auto\">Durante los patrullajes los oficiales\u00a0 recuperaron cuatro veh\u00edculos reportados robados y decomisaron tres armas de fuego.<\/div>\n<div dir=\"auto\"><\/div>\n<div dir=\"auto\">Adem\u00e1s, 49 personas fueron turnadas al Juzgado C\u00edvico por faltas administrativas e incautaron 21 armas blancas.<\/div>\n<div dir=\"auto\"><\/div>\n<div dir=\"auto\">La Polic\u00eda Preventiva durante estos d\u00edas de asueto por Semana Santa continuar\u00e1 con los operativos en interior colonias, para tranquilidad de la ciudadan\u00eda.<\/div>\n","protected":false},"excerpt":{"rendered":"<p>Hermosillo, Sonora a 14 de abril del 2025.-\u00a0La Polic\u00eda Preventiva sac\u00f3 de las calles a 62 presuntos delincuentes en patrullajes de prevenci\u00f3n y vigilancia del 07 al 13 de abril. Precis\u00f3 que a 46 se les turn\u00f3 ante el Ministerio P\u00fablico del Fuero Com\u00fan y 16 a la autoridad investigadora de la federaci\u00f3n. En ese [&hellip;]<\/p>\n","protected":false},"author":2,"featured_media":215043,"comment_status":"closed","ping_status":"closed","sticky":false,"template":"","format":"standard","meta":{"footnotes":""},"categories":[12870,178],"tags":[12865,12869],"class_list":["post-215042","post","type-post","status-publish","format-standard","has-post-thumbnail","hentry","category-destacadas","category-local","tag-destacadas","tag-local"],"jetpack_featured_media_url":"https:\/\/rnoticias.com.mx\/Portal\/wp-content\/uploads\/2025\/04\/IMG-20231008-WA0203.jpg","amp_enabled":true,"_links":{"self":[{"href":"https:\/\/rnoticias.com.mx\/Portal\/wp-json\/wp\/v2\/posts\/215042","targetHints":{"allow":["GET"]}}],"collection":[{"href":"https:\/\/rnoticias.com.mx\/Portal\/wp-json\/wp\/v2\/posts"}],"about":[{"href":"https:\/\/rnoticias.com.mx\/Portal\/wp-json\/wp\/v2\/types\/post"}],"author":[{"embeddable":true,"href":"https:\/\/rnoticias.com.mx\/Portal\/wp-json\/wp\/v2\/users\/2"}],"replies":[{"embeddable":true,"href":"https:\/\/rnoticias.com.mx\/Portal\/wp-json\/wp\/v2\/comments?post=215042"}],"version-history":[{"count":1,"href":"https:\/\/rnoticias.com.mx\/Portal\/wp-json\/wp\/v2\/posts\/215042\/revisions"}],"predecessor-version":[{"id":215044,"href":"https:\/\/rnoticias.com.mx\/Portal\/wp-json\/wp\/v2\/posts\/215042\/revisions\/215044"}],"wp:featuredmedia":[{"embeddable":true,"href":"https:\/\/rnoticias.com.mx\/Portal\/wp-json\/wp\/v2\/media\/215043"}],"wp:attachment":[{"href":"https:\/\/rnoticias.com.mx\/Portal\/wp-json\/wp\/v2\/media?parent=215042"}],"wp:term":[{"taxonomy":"category","embeddable":true,"href":"https:\/\/rnoticias.com.mx\/Portal\/wp-json\/wp\/v2\/categories?post=215042"},{"taxonomy":"post_tag","embeddable":true,"href":"https:\/\/rnoticias.com.mx\/Portal\/wp-json\/wp\/v2\/tags?post=215042"}],"curies":[{"name":"wp","href":"https:\/\/api.w.org\/{rel}","templated":true}]}}