{"id":215023,"date":"2025-04-14T19:45:39","date_gmt":"2025-04-14T19:45:39","guid":{"rendered":"https:\/\/rnoticias.com.mx\/Portal\/?p=215023"},"modified":"2025-04-14T19:45:39","modified_gmt":"2025-04-14T19:45:39","slug":"amonesta-transito-mil-322-conductores-por-exceso-de-velocidad","status":"publish","type":"post","link":"https:\/\/rnoticias.com.mx\/Portal\/2025\/04\/14\/amonesta-transito-mil-322-conductores-por-exceso-de-velocidad\/","title":{"rendered":"Amonesta Tr\u00e1nsito mil 322 conductores por exceso de velocidad"},"content":{"rendered":"<div dir=\"auto\"><b>Hermosillo, Sonora a 14 de abril del 2025. &#8211;\u00a0<\/b>En este mes el Departamento de Tr\u00e1nsito sorprendi\u00f3 a mil 322 conductores en exceso de velocidad y a 379 haciendo uso del celular.<\/div>\n<div dir=\"auto\"><\/div>\n<div dir=\"auto\">David S\u00e1nchez Vel\u00e1zquez enfatiz\u00f3 que no se bajar\u00e1 la guardia para detectar a los automovilistas que no conduzcan con responsabilidad, toda vez que el objetivo es que todas y todos lleguen con bien a su destino.<\/div>\n<div dir=\"auto\"><\/div>\n<div dir=\"auto\">Inform\u00f3 que del 07 al 13 de abril se dio atenci\u00f3n a 40 hechos viales, en donde lamentablemente un menor falleci\u00f3 y 24 personas resultaron lesionadas.<\/div>\n<div dir=\"auto\"><\/div>\n<div dir=\"auto\">S\u00e1nchez Vel\u00e1zquez detall\u00f3 que fueron 26 choques entre veh\u00edculos, seis contra objetos fijos, dos volcamientos, dos atropellamientos y cuatro ca\u00eddas de pasajeros.<\/div>\n<div dir=\"auto\"><\/div>\n<div dir=\"auto\">Indic\u00f3 que en esta semana 59 conductores fueron sorprendidos en estado de ebriedad, 645 sin respetar sem\u00e1foros y 812 en exceso de velocidad.<\/div>\n<div dir=\"auto\"><\/div>\n<div dir=\"auto\">El vocero del Departamento de Tr\u00e1nsito reiter\u00f3 el llamado a no exceder la velocidad en la carretera 100, donde el l\u00edmite de velocidad es de 80.<\/div>\n","protected":false},"excerpt":{"rendered":"<p>Hermosillo, Sonora a 14 de abril del 2025. &#8211;\u00a0En este mes el Departamento de Tr\u00e1nsito sorprendi\u00f3 a mil 322 conductores en exceso de velocidad y a 379 haciendo uso del celular. David S\u00e1nchez Vel\u00e1zquez enfatiz\u00f3 que no se bajar\u00e1 la guardia para detectar a los automovilistas que no conduzcan con responsabilidad, toda vez que el [&hellip;]<\/p>\n","protected":false},"author":2,"featured_media":215024,"comment_status":"closed","ping_status":"closed","sticky":false,"template":"","format":"standard","meta":{"footnotes":""},"categories":[12870,178],"tags":[12865,12869],"class_list":["post-215023","post","type-post","status-publish","format-standard","has-post-thumbnail","hentry","category-destacadas","category-local","tag-destacadas","tag-local"],"jetpack_featured_media_url":"https:\/\/rnoticias.com.mx\/Portal\/wp-content\/uploads\/2025\/04\/IMG-20250407-WA0113.jpg","amp_enabled":true,"_links":{"self":[{"href":"https:\/\/rnoticias.com.mx\/Portal\/wp-json\/wp\/v2\/posts\/215023","targetHints":{"allow":["GET"]}}],"collection":[{"href":"https:\/\/rnoticias.com.mx\/Portal\/wp-json\/wp\/v2\/posts"}],"about":[{"href":"https:\/\/rnoticias.com.mx\/Portal\/wp-json\/wp\/v2\/types\/post"}],"author":[{"embeddable":true,"href":"https:\/\/rnoticias.com.mx\/Portal\/wp-json\/wp\/v2\/users\/2"}],"replies":[{"embeddable":true,"href":"https:\/\/rnoticias.com.mx\/Portal\/wp-json\/wp\/v2\/comments?post=215023"}],"version-history":[{"count":1,"href":"https:\/\/rnoticias.com.mx\/Portal\/wp-json\/wp\/v2\/posts\/215023\/revisions"}],"predecessor-version":[{"id":215025,"href":"https:\/\/rnoticias.com.mx\/Portal\/wp-json\/wp\/v2\/posts\/215023\/revisions\/215025"}],"wp:featuredmedia":[{"embeddable":true,"href":"https:\/\/rnoticias.com.mx\/Portal\/wp-json\/wp\/v2\/media\/215024"}],"wp:attachment":[{"href":"https:\/\/rnoticias.com.mx\/Portal\/wp-json\/wp\/v2\/media?parent=215023"}],"wp:term":[{"taxonomy":"category","embeddable":true,"href":"https:\/\/rnoticias.com.mx\/Portal\/wp-json\/wp\/v2\/categories?post=215023"},{"taxonomy":"post_tag","embeddable":true,"href":"https:\/\/rnoticias.com.mx\/Portal\/wp-json\/wp\/v2\/tags?post=215023"}],"curies":[{"name":"wp","href":"https:\/\/api.w.org\/{rel}","templated":true}]}}