{"id":214938,"date":"2025-04-14T01:39:23","date_gmt":"2025-04-14T01:39:23","guid":{"rendered":"https:\/\/rnoticias.com.mx\/Portal\/?p=214938"},"modified":"2025-04-14T01:39:23","modified_gmt":"2025-04-14T01:39:23","slug":"luis-r-conriquez-se-pronuncia-tras-incidente-en-feria-de-texcoco","status":"publish","type":"post","link":"https:\/\/rnoticias.com.mx\/Portal\/2025\/04\/14\/luis-r-conriquez-se-pronuncia-tras-incidente-en-feria-de-texcoco\/","title":{"rendered":"Luis R. Conriquez se pronuncia tras incidente en Feria de Texcoco"},"content":{"rendered":"<p>El Palenque en Texcoco, Estado de M\u00e9xico (<strong>Edomex) de<\/strong><a href=\"https:\/\/www.excelsior.com.mx\/comunidad\/corridos-edomex-advierte-severas-sanciones-apologia-delito\/1710409\" target=\"_blank\" rel=\"noreferrer noopener\">\u00a0<\/a><strong>Luis R. Conriquez\u00a0<\/strong>en la<strong>\u00a0Feria del Caballo\u00a0<\/strong>termin\u00f3 con un p\u00fablico molesto porque el artista se neg\u00f3 a cantar corridos y a casi 24 horas de lo ocurrido, finalmente rompi\u00f3 el silencio.<\/p>\n<p>Cabe recordar que durante el show,\u00a0<strong>Luis R. Conriquez<\/strong>\u00a0habl\u00f3 con el p\u00fablico sobre su decisi\u00f3n de no cantar\u00a0<strong>m\u00fasica\u00a0<\/strong>que haga apolog\u00eda al delito, sin embargo, sus palabras no fueron bien recibidas y lo llenaron de cr\u00edticas, luego el p\u00fablico enfureci\u00f3 y lanzaron todo objeto que encontraron.<\/p>\n<h2>\u00bfQu\u00e9 dijo Luis R. Conriquez de lo ocurrido?<\/h2>\n<p>A trav\u00e9s de sus\u00a0<strong>redes sociales<\/strong>, el cantante de regional mexicana, Luis R. Conriquez, rompi\u00f3 el silencio sobre lo sucedido en la\u00a0<strong>Feria de Texcoco<\/strong>\u00a0y le dirigi\u00f3 un mensaje a sus seguidores, ya que por lo ocurrido, tuvo que abandonar el\u00a0<strong>show<\/strong>.<\/p>\n<blockquote class=\"wp-block-quote\"><p>\u201cLamento profundamente lo ocurrido en la presentaci\u00f3n de anoche, 11 de abril, en el Palenque de la Feria de Texcoco.\u00a0Para mi lo m\u00e1s importante es complacer a mi p\u00fablico, a quien le debo lo que soy. No obstante, como artista, me apego a las nuevas normas que el gobierno solicita respecto a la interpretaci\u00f3n de corridos\u201d<\/p><\/blockquote>\n<p>Cabe recordar que en el<strong>\u00a0C\u00f3digo Penal del Edomex<\/strong>\u00a0se establece que\u00a0en el\u00a0<strong>Art\u00edculo 211<\/strong>\u00a0que se puede\u00a0<strong>sancionar\u00a0<\/strong>a quien haga apolog\u00eda al delito, por lo que R. Conriquez respet\u00f3 lo estipulado.<\/p>\n<p>Sin embargo, comprendi\u00f3 la complejidad de la situaci\u00f3n, ya que subray\u00f3 que lo caracteriza su\u00a0<strong>estilo<\/strong>\u00a0<strong>musical\u00a0<\/strong>con el que ha interpretado historias que el pueblo relata y con las que se ha ganado el cari\u00f1o del\u00a0<strong>p\u00fablico<\/strong>.<\/p>\n<blockquote class=\"wp-block-quote\"><p>\u201cLos lamentables hechos ocurridos anoche en el recinto, atentaron no solo contra la seguridad y por tanto la vida del p\u00fablico, as\u00ed como tambi\u00e9n la integridad de mi equipo de trabajo y la m\u00eda\u201d<\/p><\/blockquote>\n<figure class=\"wp-block-image size-full\"><img loading=\"lazy\" decoding=\"async\" class=\"wp-image-448106\" src=\"https:\/\/potosinoticias.com\/wp-content\/uploads\/2025\/04\/image-12.png\" sizes=\"auto, (max-width: 498px) 100vw, 498px\" srcset=\"https:\/\/potosinoticias.com\/wp-content\/uploads\/2025\/04\/image-12.png 498w, https:\/\/potosinoticias.com\/wp-content\/uploads\/2025\/04\/image-12-180x300.png 180w, https:\/\/potosinoticias.com\/wp-content\/uploads\/2025\/04\/image-12-240x400.png 240w\" alt=\"\" width=\"498\" height=\"830\" \/><\/figure>\n<p>Finalmente,\u00a0<strong>Luis R. Conriquez<\/strong>\u00a0pidi\u00f3 comprensi\u00f3n ante la situaci\u00f3n y adelant\u00f3 que har\u00e1 cambios significativos en las letras que le hacen llegar y agradeci\u00f3 el\u00a0<strong>apoyo\u00a0<\/strong>que ha recibido por parte de su p\u00fablico y seres queridos.<\/p>\n<h3>\u00bfCu\u00e1l es la multa por escuchar o cantar corridos en el Edomex?<\/h3>\n<p>La sanci\u00f3n en el Estado de M\u00e9xico a quienes provoquen\u00a0p\u00fablicamente a cometer un\u00a0<strong>delito<\/strong>, o haga la apolog\u00eda de \u00e9ste o de alg\u00fan vicio, si el delito no se ejecutase, ya sean artistas, cantantes, productores, promotores, representantes, m\u00fasicos o p\u00fablico en general\u00a0es de\u00a0tres a seis meses de prisi\u00f3n.<\/p>\n<p>Adicionalmente, deber\u00e1 pagar de<strong>\u00a030 a 60 d\u00edas multa,<\/strong>\u00a0lo que equivale a la\u00a0\u00a0percepci\u00f3n neta diaria del sentenciado en el momento de consumar el\u00a0delito seg\u00fan sus\u00a0<strong>ingresos econ\u00f3micos<\/strong>.<\/p>\n<p>Con informaci\u00f3n de: Exc\u00e9lsior.<\/p>\n","protected":false},"excerpt":{"rendered":"<p>El Palenque en Texcoco, Estado de M\u00e9xico (Edomex) de\u00a0Luis R. Conriquez\u00a0en la\u00a0Feria del Caballo\u00a0termin\u00f3 con un p\u00fablico molesto porque el artista se neg\u00f3 a cantar corridos y a casi 24 horas de lo ocurrido, finalmente rompi\u00f3 el silencio. Cabe recordar que durante el show,\u00a0Luis R. Conriquez\u00a0habl\u00f3 con el p\u00fablico sobre su decisi\u00f3n de no cantar\u00a0m\u00fasica\u00a0que [&hellip;]<\/p>\n","protected":false},"author":2,"featured_media":214939,"comment_status":"closed","ping_status":"closed","sticky":false,"template":"","format":"standard","meta":{"footnotes":""},"categories":[12870,219],"tags":[12865,12875],"class_list":["post-214938","post","type-post","status-publish","format-standard","has-post-thumbnail","hentry","category-destacadas","category-espectaculos","tag-destacadas","tag-espectaculos"],"jetpack_featured_media_url":"https:\/\/rnoticias.com.mx\/Portal\/wp-content\/uploads\/2025\/04\/conriquez-destrozos-concierto-corridos-12042025-960x600-1.webp","amp_enabled":true,"_links":{"self":[{"href":"https:\/\/rnoticias.com.mx\/Portal\/wp-json\/wp\/v2\/posts\/214938","targetHints":{"allow":["GET"]}}],"collection":[{"href":"https:\/\/rnoticias.com.mx\/Portal\/wp-json\/wp\/v2\/posts"}],"about":[{"href":"https:\/\/rnoticias.com.mx\/Portal\/wp-json\/wp\/v2\/types\/post"}],"author":[{"embeddable":true,"href":"https:\/\/rnoticias.com.mx\/Portal\/wp-json\/wp\/v2\/users\/2"}],"replies":[{"embeddable":true,"href":"https:\/\/rnoticias.com.mx\/Portal\/wp-json\/wp\/v2\/comments?post=214938"}],"version-history":[{"count":1,"href":"https:\/\/rnoticias.com.mx\/Portal\/wp-json\/wp\/v2\/posts\/214938\/revisions"}],"predecessor-version":[{"id":214940,"href":"https:\/\/rnoticias.com.mx\/Portal\/wp-json\/wp\/v2\/posts\/214938\/revisions\/214940"}],"wp:featuredmedia":[{"embeddable":true,"href":"https:\/\/rnoticias.com.mx\/Portal\/wp-json\/wp\/v2\/media\/214939"}],"wp:attachment":[{"href":"https:\/\/rnoticias.com.mx\/Portal\/wp-json\/wp\/v2\/media?parent=214938"}],"wp:term":[{"taxonomy":"category","embeddable":true,"href":"https:\/\/rnoticias.com.mx\/Portal\/wp-json\/wp\/v2\/categories?post=214938"},{"taxonomy":"post_tag","embeddable":true,"href":"https:\/\/rnoticias.com.mx\/Portal\/wp-json\/wp\/v2\/tags?post=214938"}],"curies":[{"name":"wp","href":"https:\/\/api.w.org\/{rel}","templated":true}]}}