{"id":214889,"date":"2025-04-12T18:50:13","date_gmt":"2025-04-12T18:50:13","guid":{"rendered":"https:\/\/rnoticias.com.mx\/Portal\/?p=214889"},"modified":"2025-04-12T18:50:13","modified_gmt":"2025-04-12T18:50:13","slug":"diputada-de-la-cdmx-propone-dar-seguro-de-vida-a-periodistas-freelance","status":"publish","type":"post","link":"https:\/\/rnoticias.com.mx\/Portal\/2025\/04\/12\/diputada-de-la-cdmx-propone-dar-seguro-de-vida-a-periodistas-freelance\/","title":{"rendered":"Diputada de la CDMX propone dar seguro de vida a periodistas freelance"},"content":{"rendered":"<p><strong>La diputada del PAN Frida Guill\u00e9n,<\/strong>\u00a0present\u00f3 una iniciativa para otorgar un seguro de vida a los periodistas que trabajan en una empresa o de manera independiente, esto despu\u00e9s de lo sucedido el fin de semana pasado en el festival Axe Ceremonia.<\/p>\n<p><mark>Esta propuesta busca definir a un periodista como toda persona f\u00edsica que hace del ejercicio de la libertad de expresi\u00f3n y\/o informaci\u00f3n su actividad de manera permanente<\/mark>, ya sea de forma subordinada laboralmente o de forma independiente.<\/p>\n<p><strong>Se propone que entre las medidas de protecci\u00f3n al gremio se incluya un seguro de vida<\/strong>\u00a0&#8220;del cu\u00e1l ser\u00e1n beneficiarias las personas que designe la persona defensora de derechos humanos, periodista, o colaboradora period\u00edstica solicitante&#8221;.<\/p>\n<p>&#8220;Esta propuesta se construy\u00f3 de la mano de personas que todos los d\u00edas se juegan la vida para informar. Su trabajo es esencial para la democracia, y\u00a0<strong>el Estado debe reconocerlos y protegerlos como lo que son: periodistas&#8221;<\/strong>, sostuvo Frida Guill\u00e9n al presentar esta propuesta para reformar la Ley para la Protecci\u00f3n Integral de Personas Defensoras de Derechos Humanos y Periodistas.<\/p>\n<p><mark>Indic\u00f3 que la muerte de Berenice Giles y Miguel \u00c1ngel Hern\u00e1ndez, m\u00e1s all\u00e1 de determinar responsabilidades, demuestra la urgencia de que el Estado respalde a quienes ejercen el periodismo<\/mark>\u00a0sin las condiciones m\u00ednimas de seguridad social ni reconocimiento legal.<\/p>\n<p>La diputada panista tambi\u00e9n alert\u00f3 sobre el contexto de violencia contra el gremio period\u00edstico en M\u00e9xico: &#8220;En los \u00faltimos dos sexenios\u00a0<strong>han asesinado a 94 periodistas<\/strong>, y en lo que va de este gobierno ya van 4 m\u00e1s. A esto se suman m\u00e1s de 31 desaparecidos. M\u00e9xico encabeza las cifras mundiales de agresiones contra la prensa. Esta situaci\u00f3n no puede continuar&#8221;.<\/p>\n<p>&#8220;En el PAN trabajamos por una ciudad libre y justa, donde ning\u00fan periodista tenga que poner en riesgo su vida por informar. Con esta propuesta buscamos proteger su labor, dignificarla y darles certeza jur\u00eddica a ellos y a sus familias&#8221;, concluy\u00f3.<\/p>\n","protected":false},"excerpt":{"rendered":"<p>La diputada del PAN Frida Guill\u00e9n,\u00a0present\u00f3 una iniciativa para otorgar un seguro de vida a los periodistas que trabajan en una empresa o de manera independiente, esto despu\u00e9s de lo sucedido el fin de semana pasado en el festival Axe Ceremonia. Esta propuesta busca definir a un periodista como toda persona f\u00edsica que hace del [&hellip;]<\/p>\n","protected":false},"author":2,"featured_media":214890,"comment_status":"closed","ping_status":"closed","sticky":false,"template":"","format":"standard","meta":{"footnotes":""},"categories":[12870,172],"tags":[12865,12874],"class_list":["post-214889","post","type-post","status-publish","format-standard","has-post-thumbnail","hentry","category-destacadas","category-nacional","tag-destacadas","tag-nacional"],"jetpack_featured_media_url":"https:\/\/rnoticias.com.mx\/Portal\/wp-content\/uploads\/2025\/04\/by10t1x0nledw4heogwit4yhnyi11zb0orfzr0gg-300x187-1.jpg","amp_enabled":true,"_links":{"self":[{"href":"https:\/\/rnoticias.com.mx\/Portal\/wp-json\/wp\/v2\/posts\/214889","targetHints":{"allow":["GET"]}}],"collection":[{"href":"https:\/\/rnoticias.com.mx\/Portal\/wp-json\/wp\/v2\/posts"}],"about":[{"href":"https:\/\/rnoticias.com.mx\/Portal\/wp-json\/wp\/v2\/types\/post"}],"author":[{"embeddable":true,"href":"https:\/\/rnoticias.com.mx\/Portal\/wp-json\/wp\/v2\/users\/2"}],"replies":[{"embeddable":true,"href":"https:\/\/rnoticias.com.mx\/Portal\/wp-json\/wp\/v2\/comments?post=214889"}],"version-history":[{"count":1,"href":"https:\/\/rnoticias.com.mx\/Portal\/wp-json\/wp\/v2\/posts\/214889\/revisions"}],"predecessor-version":[{"id":214891,"href":"https:\/\/rnoticias.com.mx\/Portal\/wp-json\/wp\/v2\/posts\/214889\/revisions\/214891"}],"wp:featuredmedia":[{"embeddable":true,"href":"https:\/\/rnoticias.com.mx\/Portal\/wp-json\/wp\/v2\/media\/214890"}],"wp:attachment":[{"href":"https:\/\/rnoticias.com.mx\/Portal\/wp-json\/wp\/v2\/media?parent=214889"}],"wp:term":[{"taxonomy":"category","embeddable":true,"href":"https:\/\/rnoticias.com.mx\/Portal\/wp-json\/wp\/v2\/categories?post=214889"},{"taxonomy":"post_tag","embeddable":true,"href":"https:\/\/rnoticias.com.mx\/Portal\/wp-json\/wp\/v2\/tags?post=214889"}],"curies":[{"name":"wp","href":"https:\/\/api.w.org\/{rel}","templated":true}]}}