{"id":214859,"date":"2025-04-12T17:12:24","date_gmt":"2025-04-12T17:12:24","guid":{"rendered":"https:\/\/rnoticias.com.mx\/Portal\/?p=214859"},"modified":"2025-04-12T17:12:24","modified_gmt":"2025-04-12T17:12:24","slug":"productora-de-brad-pitt-quiere-la-segunda-temporada-de-adolescencia","status":"publish","type":"post","link":"https:\/\/rnoticias.com.mx\/Portal\/2025\/04\/12\/productora-de-brad-pitt-quiere-la-segunda-temporada-de-adolescencia\/","title":{"rendered":"Productora de Brad Pitt quiere la segunda temporada de \u201cAdolescencia\u201d"},"content":{"rendered":"<p>El \u00e9xito que logr\u00f3\u00a0<strong><em>\u201cAdolescencia\u201d<\/em><\/strong>\u00a0a nivel mundial gener\u00f3 el inter\u00e9s de la productora Plan B, de Brad Pitt, que estar\u00eda en di\u00e1logo con el director de la miniserie de Netflix,\u00a0<strong>Philip Barantini,<\/strong>\u00a0de rodar una segunda temporada. Se espera que \u201c<strong><em>no caiga en lo repetitivo<\/em><\/strong>\u201c, aunque el enfoque seguir\u00e1 dentro de la misma tem\u00e1tica.<\/p>\n<p>Esta informaci\u00f3n la dio a conocer el medio brit\u00e1nico<strong><em>\u00a0\u201cThe Guardian\u201d<\/em><\/strong>, que asegur\u00f3 que los codirectores de Plan B, Dede Gardner y Jeremy Kleiner, estar\u00edan impulsando el desarrollo de una \u201cnueva iteraci\u00f3n\u201d.<\/p>\n<p>La historia del crimen cometido por\u00a0<strong>Jamie Miller,<\/strong>\u00a0interpretado por el joven actor Owen Cooper, atrap\u00f3 especialmente a las madres y padres de adolescentes por estar basada en la cultura Incel, un fen\u00f3meno poco conocido, pero con fuerte presencia en lo virtual.<\/p>\n<p><strong>Gardner adelant\u00f3 que se trabaja en establecer una nueva l\u00ednea narrativa<\/strong>\u00a0que les permita expandir la serie sin repetirse, manteni\u00e9ndose fieles a su esencia original que es lo que atrap\u00f3 el inter\u00e9s del p\u00fablico televidente.<\/p>\n<p>&nbsp;<\/p>\n<p>El Universal<\/p>\n","protected":false},"excerpt":{"rendered":"<p>El \u00e9xito que logr\u00f3\u00a0\u201cAdolescencia\u201d\u00a0a nivel mundial gener\u00f3 el inter\u00e9s de la productora Plan B, de Brad Pitt, que estar\u00eda en di\u00e1logo con el director de la miniserie de Netflix,\u00a0Philip Barantini,\u00a0de rodar una segunda temporada. Se espera que \u201cno caiga en lo repetitivo\u201c, aunque el enfoque seguir\u00e1 dentro de la misma tem\u00e1tica. Esta informaci\u00f3n la dio [&hellip;]<\/p>\n","protected":false},"author":2,"featured_media":214860,"comment_status":"closed","ping_status":"closed","sticky":false,"template":"","format":"standard","meta":{"footnotes":""},"categories":[12870,219],"tags":[12865,12875],"class_list":["post-214859","post","type-post","status-publish","format-standard","has-post-thumbnail","hentry","category-destacadas","category-espectaculos","tag-destacadas","tag-espectaculos"],"jetpack_featured_media_url":"https:\/\/rnoticias.com.mx\/Portal\/wp-content\/uploads\/2025\/04\/adolescencia.jpg","amp_enabled":true,"_links":{"self":[{"href":"https:\/\/rnoticias.com.mx\/Portal\/wp-json\/wp\/v2\/posts\/214859","targetHints":{"allow":["GET"]}}],"collection":[{"href":"https:\/\/rnoticias.com.mx\/Portal\/wp-json\/wp\/v2\/posts"}],"about":[{"href":"https:\/\/rnoticias.com.mx\/Portal\/wp-json\/wp\/v2\/types\/post"}],"author":[{"embeddable":true,"href":"https:\/\/rnoticias.com.mx\/Portal\/wp-json\/wp\/v2\/users\/2"}],"replies":[{"embeddable":true,"href":"https:\/\/rnoticias.com.mx\/Portal\/wp-json\/wp\/v2\/comments?post=214859"}],"version-history":[{"count":1,"href":"https:\/\/rnoticias.com.mx\/Portal\/wp-json\/wp\/v2\/posts\/214859\/revisions"}],"predecessor-version":[{"id":214861,"href":"https:\/\/rnoticias.com.mx\/Portal\/wp-json\/wp\/v2\/posts\/214859\/revisions\/214861"}],"wp:featuredmedia":[{"embeddable":true,"href":"https:\/\/rnoticias.com.mx\/Portal\/wp-json\/wp\/v2\/media\/214860"}],"wp:attachment":[{"href":"https:\/\/rnoticias.com.mx\/Portal\/wp-json\/wp\/v2\/media?parent=214859"}],"wp:term":[{"taxonomy":"category","embeddable":true,"href":"https:\/\/rnoticias.com.mx\/Portal\/wp-json\/wp\/v2\/categories?post=214859"},{"taxonomy":"post_tag","embeddable":true,"href":"https:\/\/rnoticias.com.mx\/Portal\/wp-json\/wp\/v2\/tags?post=214859"}],"curies":[{"name":"wp","href":"https:\/\/api.w.org\/{rel}","templated":true}]}}