{"id":214856,"date":"2025-04-12T17:11:15","date_gmt":"2025-04-12T17:11:15","guid":{"rendered":"https:\/\/rnoticias.com.mx\/Portal\/?p=214856"},"modified":"2025-04-12T17:11:15","modified_gmt":"2025-04-12T17:11:15","slug":"me-obligaron-a-casarme-salma-hayek","status":"publish","type":"post","link":"https:\/\/rnoticias.com.mx\/Portal\/2025\/04\/12\/me-obligaron-a-casarme-salma-hayek\/","title":{"rendered":"&#8220;Me obligaron&#8221; a casarme: Salma Hayek"},"content":{"rendered":"<p>A poco m\u00e1s de 15 a\u00f1os juntos y con una hija en com\u00fan (Valentina Paloma), Salma Hayek revel\u00f3 que fue\u00a0<strong><em>\u201cobligada\u201d\u00a0<\/em><\/strong>a casarse con Fran\u00e7ois-Henri Pinault, empresario due\u00f1o del grupo Kering, que incluye las marcas Gucci, Yves Saint Laurent, Bottega Veneta, Balenciaga, Alexander McQueen, Boucheron y Sergio Rossi.<\/p>\n<p>Durante una entrevista que le concedi\u00f3 a la revista Glamour, la actriz revel\u00f3 que su familia la<strong><em>\u00a0\u201coblig\u00f3\u201d\u00a0<\/em><\/strong>a casarse en una boda sorpresa con Fran\u00e7ois-Henri, el hombre con el que hasta la fecha sigue casada.<\/p>\n<p><strong><em>\u201cLa raz\u00f3n por la que fue en un juzgado es porque me arrastraron hasta all\u00ed. Fue como una intervenci\u00f3n\u201d,\u00a0<\/em><\/strong>coment\u00f3 la mexicana.<\/p>\n<p>La actriz veracruzana reconoci\u00f3 que, durante la ceremonia, ella ni siquiera ten\u00eda conocimiento de que ese d\u00eda se casar\u00eda. Posteriormente, decidi\u00f3 dar todo el cr\u00e9dito a su familia, afirmando que gracias a que ellos se unieron en su contra fue que acept\u00f3 casarse.<\/p>\n<p><strong><em>\u201cMis padres, mi hermano, todos se unieron en mi contra. Ten\u00eda una fobia al matrimonio. Nunca cre\u00ed en el matrimonio. No quer\u00eda casarme con \u00e9l\u201d.\u00a0<\/em><\/strong>Hayek cont\u00f3 que Pinault le hab\u00eda propuesto matrimonio, y aunque ella siempre dec\u00eda que s\u00ed, cuando llegaba la fecha, se arrepent\u00eda.<\/p>\n<p>&nbsp;<\/p>\n<p>El Universal<\/p>\n","protected":false},"excerpt":{"rendered":"<p>A poco m\u00e1s de 15 a\u00f1os juntos y con una hija en com\u00fan (Valentina Paloma), Salma Hayek revel\u00f3 que fue\u00a0\u201cobligada\u201d\u00a0a casarse con Fran\u00e7ois-Henri Pinault, empresario due\u00f1o del grupo Kering, que incluye las marcas Gucci, Yves Saint Laurent, Bottega Veneta, Balenciaga, Alexander McQueen, Boucheron y Sergio Rossi. Durante una entrevista que le concedi\u00f3 a la revista [&hellip;]<\/p>\n","protected":false},"author":2,"featured_media":214857,"comment_status":"closed","ping_status":"closed","sticky":false,"template":"","format":"standard","meta":{"footnotes":""},"categories":[12870,219],"tags":[12865,12875],"class_list":["post-214856","post","type-post","status-publish","format-standard","has-post-thumbnail","hentry","category-destacadas","category-espectaculos","tag-destacadas","tag-espectaculos"],"jetpack_featured_media_url":"https:\/\/rnoticias.com.mx\/Portal\/wp-content\/uploads\/2025\/04\/descarga-5.jpg","amp_enabled":true,"_links":{"self":[{"href":"https:\/\/rnoticias.com.mx\/Portal\/wp-json\/wp\/v2\/posts\/214856","targetHints":{"allow":["GET"]}}],"collection":[{"href":"https:\/\/rnoticias.com.mx\/Portal\/wp-json\/wp\/v2\/posts"}],"about":[{"href":"https:\/\/rnoticias.com.mx\/Portal\/wp-json\/wp\/v2\/types\/post"}],"author":[{"embeddable":true,"href":"https:\/\/rnoticias.com.mx\/Portal\/wp-json\/wp\/v2\/users\/2"}],"replies":[{"embeddable":true,"href":"https:\/\/rnoticias.com.mx\/Portal\/wp-json\/wp\/v2\/comments?post=214856"}],"version-history":[{"count":1,"href":"https:\/\/rnoticias.com.mx\/Portal\/wp-json\/wp\/v2\/posts\/214856\/revisions"}],"predecessor-version":[{"id":214858,"href":"https:\/\/rnoticias.com.mx\/Portal\/wp-json\/wp\/v2\/posts\/214856\/revisions\/214858"}],"wp:featuredmedia":[{"embeddable":true,"href":"https:\/\/rnoticias.com.mx\/Portal\/wp-json\/wp\/v2\/media\/214857"}],"wp:attachment":[{"href":"https:\/\/rnoticias.com.mx\/Portal\/wp-json\/wp\/v2\/media?parent=214856"}],"wp:term":[{"taxonomy":"category","embeddable":true,"href":"https:\/\/rnoticias.com.mx\/Portal\/wp-json\/wp\/v2\/categories?post=214856"},{"taxonomy":"post_tag","embeddable":true,"href":"https:\/\/rnoticias.com.mx\/Portal\/wp-json\/wp\/v2\/tags?post=214856"}],"curies":[{"name":"wp","href":"https:\/\/api.w.org\/{rel}","templated":true}]}}