{"id":214841,"date":"2025-04-12T16:34:10","date_gmt":"2025-04-12T16:34:10","guid":{"rendered":"https:\/\/rnoticias.com.mx\/Portal\/?p=214841"},"modified":"2025-04-12T16:34:10","modified_gmt":"2025-04-12T16:34:10","slug":"gobierno-de-sonora-trabaja-en-ordenamiento-pesquero-en-empalme","status":"publish","type":"post","link":"https:\/\/rnoticias.com.mx\/Portal\/2025\/04\/12\/gobierno-de-sonora-trabaja-en-ordenamiento-pesquero-en-empalme\/","title":{"rendered":"Gobierno de Sonora trabaja en ordenamiento pesquero en Empalme"},"content":{"rendered":"<p align=\"justify\">Empalme, Sonora; 12 de abril de 2025.- Para el Gobierno de Sonora, avanzar en el ordenamiento pesquero es una prioridad, ya que permitir\u00e1 implementar pol\u00edticas que impulsen el desarrollo sostenible de esta actividad, manifest\u00f3 Celida L\u00f3pez C\u00e1rdenas durante la realizaci\u00f3n del Foro de Pesca Ribere\u00f1a en Empalme.<\/p>\n<p align=\"justify\">La secretaria de Agricultura, Ganader\u00eda, Recursos Hidr\u00e1ulicos, Pesca y Acuacultura (Sagarhpa) se\u00f1al\u00f3 que para el gobernador Alfonso Durazo la organizaci\u00f3n del sector pesquero es fundamental, pues contar con un registro claro de qui\u00e9nes integran esta actividad permitir\u00e1 canalizar programas y gestionar apoyos ante el Gobierno de M\u00e9xico de manera m\u00e1s eficiente.<\/p>\n<p align=\"justify\">Acompa\u00f1ada por el alcalde de Empalme, Luis Fuentes Aguilar, y la diputada local Rebeca Silva, la funcionaria estatal escuch\u00f3 las propuestas de los trabajadores del mar \u2014independientes, organizados y privados\u2014, donde adem\u00e1s, el Gobierno municipal present\u00f3 un proyecto para desarrollar un sitio tur\u00edstico y un mercado de mariscos que agregue valor a los productos del mar.<\/p>\n<p align=\"justify\">\u201cEstamos trabajando con pasi\u00f3n por el sector pesquero. El gobernador Alfonso Durazo hizo el compromiso de apoyar a quienes nunca se les hab\u00eda tomado en cuenta. En estos encuentros hemos constatado que no existen apoyos suficientes para los pescadores. Por eso, este a\u00f1o el gobernador pondr\u00e1 en marcha un programa importante de apoyo al sector, y para ello, es indispensable contar con orden\u201d, afirm\u00f3.<\/p>\n<p align=\"justify\">L\u00f3pez C\u00e1rdenas destac\u00f3 que se necesita establecer un nuevo entendimiento entre las autoridades federales y los pescadores. Por ello, el gobernador invit\u00f3 al comisionado nacional de Pesca, Alejandro Flores Nava, a realizar un recorrido por los campos pesqueros del litoral sonorense.<\/p>\n<p align=\"justify\">\u201cNecesitamos saber cu\u00e1ntos pescadores activos hay, cu\u00e1ntas cooperativas existen, d\u00f3nde est\u00e1n y c\u00f3mo se llaman. Tengo el registro de los ganaderos del estado, s\u00e9 cu\u00e1ntos agricultores hay y cu\u00e1ntas hect\u00e1reas cultivan, pero en el caso de la pesca a\u00fan nos falta informaci\u00f3n precisa. Hay un trabajo muy intenso por hacer, y es alentador ver alcaldes como Luis Fuentes con equipos comprometidos con la pesca y con sus pescadores\u201d, concluy\u00f3.<\/p>\n","protected":false},"excerpt":{"rendered":"<p>Empalme, Sonora; 12 de abril de 2025.- Para el Gobierno de Sonora, avanzar en el ordenamiento pesquero es una prioridad, ya que permitir\u00e1 implementar pol\u00edticas que impulsen el desarrollo sostenible de esta actividad, manifest\u00f3 Celida L\u00f3pez C\u00e1rdenas durante la realizaci\u00f3n del Foro de Pesca Ribere\u00f1a en Empalme. La secretaria de Agricultura, Ganader\u00eda, Recursos Hidr\u00e1ulicos, Pesca [&hellip;]<\/p>\n","protected":false},"author":2,"featured_media":214842,"comment_status":"closed","ping_status":"closed","sticky":false,"template":"","format":"standard","meta":{"footnotes":""},"categories":[12870,174],"tags":[12865,12873],"class_list":["post-214841","post","type-post","status-publish","format-standard","has-post-thumbnail","hentry","category-destacadas","category-estatal","tag-destacadas","tag-estatal"],"jetpack_featured_media_url":"https:\/\/rnoticias.com.mx\/Portal\/wp-content\/uploads\/2025\/04\/unnamed-57.jpg","amp_enabled":true,"_links":{"self":[{"href":"https:\/\/rnoticias.com.mx\/Portal\/wp-json\/wp\/v2\/posts\/214841","targetHints":{"allow":["GET"]}}],"collection":[{"href":"https:\/\/rnoticias.com.mx\/Portal\/wp-json\/wp\/v2\/posts"}],"about":[{"href":"https:\/\/rnoticias.com.mx\/Portal\/wp-json\/wp\/v2\/types\/post"}],"author":[{"embeddable":true,"href":"https:\/\/rnoticias.com.mx\/Portal\/wp-json\/wp\/v2\/users\/2"}],"replies":[{"embeddable":true,"href":"https:\/\/rnoticias.com.mx\/Portal\/wp-json\/wp\/v2\/comments?post=214841"}],"version-history":[{"count":1,"href":"https:\/\/rnoticias.com.mx\/Portal\/wp-json\/wp\/v2\/posts\/214841\/revisions"}],"predecessor-version":[{"id":214843,"href":"https:\/\/rnoticias.com.mx\/Portal\/wp-json\/wp\/v2\/posts\/214841\/revisions\/214843"}],"wp:featuredmedia":[{"embeddable":true,"href":"https:\/\/rnoticias.com.mx\/Portal\/wp-json\/wp\/v2\/media\/214842"}],"wp:attachment":[{"href":"https:\/\/rnoticias.com.mx\/Portal\/wp-json\/wp\/v2\/media?parent=214841"}],"wp:term":[{"taxonomy":"category","embeddable":true,"href":"https:\/\/rnoticias.com.mx\/Portal\/wp-json\/wp\/v2\/categories?post=214841"},{"taxonomy":"post_tag","embeddable":true,"href":"https:\/\/rnoticias.com.mx\/Portal\/wp-json\/wp\/v2\/tags?post=214841"}],"curies":[{"name":"wp","href":"https:\/\/api.w.org\/{rel}","templated":true}]}}