{"id":214829,"date":"2025-04-12T16:15:02","date_gmt":"2025-04-12T16:15:02","guid":{"rendered":"https:\/\/rnoticias.com.mx\/Portal\/?p=214829"},"modified":"2025-04-12T16:15:02","modified_gmt":"2025-04-12T16:15:02","slug":"refuerza-gobierno-de-sonora-platicas-preventivas-en-escuelas","status":"publish","type":"post","link":"https:\/\/rnoticias.com.mx\/Portal\/2025\/04\/12\/refuerza-gobierno-de-sonora-platicas-preventivas-en-escuelas\/","title":{"rendered":"Refuerza Gobierno de Sonora pl\u00e1ticas preventivas en escuelas"},"content":{"rendered":"<p>Hermosillo, Sonora; 12 de abril de 2025. \u2013 Previo al inicio del periodo vacacional de Semana Santa, la Secretar\u00eda de Seguridad P\u00fablica (SSP) imparti\u00f3 pl\u00e1ticas dirigidas a estudiantes, docentes y padres de familia, enfocadas en la prevenci\u00f3n de la violencia y el delito.<\/p>\n<p>Oficiales de la Polic\u00eda Estatal de Seguridad P\u00fablica (PESP) llevaron a cabo actividades de proximidad ciudadana con estudiantes, mediante charlas sobre la cultura de la paz, el uso responsable de la l\u00ednea de emergencia 9-1-1, y la concientizaci\u00f3n sobre los riesgos del vapeo y el consumo de sustancias prohibidas que ponen en peligro la vida.<\/p>\n<p>Entre las instituciones educativas visitadas durante la semana del 7 al 11 de abril se encuentran el Cobach Hermosillo V, el Jard\u00edn de Ni\u00f1os Mar\u00eda Luisa Real Duarte, y las secundarias t\u00e9cnicas 66 y 37, ubicadas en las colonias Villa Bonita, Puerta Real, Solidaridad y Nuevo Hermosillo.<\/p>\n<p>Durante el receso vacacional, la PESP continuar\u00e1 con patrullajes preventivos, incluyendo zonas escolares, con el objetivo de prevenir delitos y atender reportes ciudadanos a trav\u00e9s de la l\u00ednea de emergencias 9-1-1.<\/p>\n","protected":false},"excerpt":{"rendered":"<p>Hermosillo, Sonora; 12 de abril de 2025. \u2013 Previo al inicio del periodo vacacional de Semana Santa, la Secretar\u00eda de Seguridad P\u00fablica (SSP) imparti\u00f3 pl\u00e1ticas dirigidas a estudiantes, docentes y padres de familia, enfocadas en la prevenci\u00f3n de la violencia y el delito. Oficiales de la Polic\u00eda Estatal de Seguridad P\u00fablica (PESP) llevaron a cabo [&hellip;]<\/p>\n","protected":false},"author":2,"featured_media":214830,"comment_status":"closed","ping_status":"closed","sticky":false,"template":"","format":"standard","meta":{"footnotes":""},"categories":[12870,178],"tags":[12865,12869],"class_list":["post-214829","post","type-post","status-publish","format-standard","has-post-thumbnail","hentry","category-destacadas","category-local","tag-destacadas","tag-local"],"jetpack_featured_media_url":"https:\/\/rnoticias.com.mx\/Portal\/wp-content\/uploads\/2025\/04\/1-84.jpg","amp_enabled":true,"_links":{"self":[{"href":"https:\/\/rnoticias.com.mx\/Portal\/wp-json\/wp\/v2\/posts\/214829","targetHints":{"allow":["GET"]}}],"collection":[{"href":"https:\/\/rnoticias.com.mx\/Portal\/wp-json\/wp\/v2\/posts"}],"about":[{"href":"https:\/\/rnoticias.com.mx\/Portal\/wp-json\/wp\/v2\/types\/post"}],"author":[{"embeddable":true,"href":"https:\/\/rnoticias.com.mx\/Portal\/wp-json\/wp\/v2\/users\/2"}],"replies":[{"embeddable":true,"href":"https:\/\/rnoticias.com.mx\/Portal\/wp-json\/wp\/v2\/comments?post=214829"}],"version-history":[{"count":1,"href":"https:\/\/rnoticias.com.mx\/Portal\/wp-json\/wp\/v2\/posts\/214829\/revisions"}],"predecessor-version":[{"id":214831,"href":"https:\/\/rnoticias.com.mx\/Portal\/wp-json\/wp\/v2\/posts\/214829\/revisions\/214831"}],"wp:featuredmedia":[{"embeddable":true,"href":"https:\/\/rnoticias.com.mx\/Portal\/wp-json\/wp\/v2\/media\/214830"}],"wp:attachment":[{"href":"https:\/\/rnoticias.com.mx\/Portal\/wp-json\/wp\/v2\/media?parent=214829"}],"wp:term":[{"taxonomy":"category","embeddable":true,"href":"https:\/\/rnoticias.com.mx\/Portal\/wp-json\/wp\/v2\/categories?post=214829"},{"taxonomy":"post_tag","embeddable":true,"href":"https:\/\/rnoticias.com.mx\/Portal\/wp-json\/wp\/v2\/tags?post=214829"}],"curies":[{"name":"wp","href":"https:\/\/api.w.org\/{rel}","templated":true}]}}