{"id":214817,"date":"2025-04-12T02:58:23","date_gmt":"2025-04-12T02:58:23","guid":{"rendered":"https:\/\/rnoticias.com.mx\/Portal\/?p=214817"},"modified":"2025-04-12T02:58:23","modified_gmt":"2025-04-12T02:58:23","slug":"eu-incluye-a-migrantes-en-la-lista-de-personas-muertas-para-quitarles-beneficios","status":"publish","type":"post","link":"https:\/\/rnoticias.com.mx\/Portal\/2025\/04\/12\/eu-incluye-a-migrantes-en-la-lista-de-personas-muertas-para-quitarles-beneficios\/","title":{"rendered":"EU incluye a migrantes en la lista de personas muertas para quitarles beneficios"},"content":{"rendered":"<p>La Administraci\u00f3n de Donald Trump ha incluido a m\u00e1s de 6 mil migrantes, en su mayor\u00eda de latinos, en la base de datos de gente fallecida,\u00a0<strong>eliminando sus opciones para trabajar legalmente en Estados Unidos o solicitar beneficios sociales, inform\u00f3 el diario The Washington Post.<\/strong><\/p>\n<p>La medida fue ordenada por la secretaria de Seguridad Nacional, Kristi Noem, con el objetivo de presionar a las\u00a0<mark><strong>personas indocumentadas a que abandonen el pa\u00eds, explic\u00f3 un funcionario de la Casa Blanca al peri\u00f3dico.<\/strong><\/mark><\/p>\n<p>Esta nueva pol\u00edtica se basa en dos memorandos internos firmados el pasado lunes que\u00a0<strong>autorizan al Seguro Social a incluir a migrantes en el archivo de defunciones por razones de seguridad nacional.<\/strong><\/p>\n<p>Las personas en la mira son migrantes registrados en la Seguridad Social que perdieron su estatus legal o aquellos que<strong>\u00a0ingresaron al pa\u00eds en programas migratorios de la anterior Administraci\u00f3n de Joe Biden (2021-2025) y que han expirado bajo el actual Gobierno.<\/strong><\/p>\n<p><mark><strong>Las fuentes indicaron al diario que algunas de las personas afectadas est\u00e1n incluidas en la lista de vigilancia terrorista del FBI.<\/strong><\/mark><\/p>\n<p>De acuerdo con el rotativo, el Gobierno planea incluir en el listado de fallecidos a<strong>\u00a092 mil migrantes que tienen alg\u00fan tipo de condena penal.<\/strong><\/p>\n<p><strong>\u201cEl presidente Trump prometi\u00f3 deportaciones masivas y, al eliminar el incentivo monetario para que los inmigrantes indocumentados vengan y se queden<\/strong>, los animaremos a autodeportarse\u201d, declar\u00f3 Elizabeth Huston, portavoz de la Casa Blanca, en un comunicado.<\/p>\n<p>Seg\u00fan The Washington Post, algunos funcionarios de la Seguridad Social han cuestionado la legalidad de esta pr\u00e1ctica,\u00a0<strong>argumentando que incluir en ese listado a personas que se sabe que est\u00e1n vivas viola las leyes de privacidad.<\/strong><\/p>\n<p><mark><strong>La estrategia de Trump contra la inmigraci\u00f3n incluye la revocaci\u00f3n de varios permisos emitidos por el Gobierno de Biden<\/strong><\/mark>, una aplicaci\u00f3n para tel\u00e9fono para que los migrantes soliciten su deportaci\u00f3n y el env\u00edo a la c\u00e1rcel de m\u00e1xima seguridad de El Salvador de personas presuntamente acusadas de formar parte del crimen organizado.<\/p>\n","protected":false},"excerpt":{"rendered":"<p>La Administraci\u00f3n de Donald Trump ha incluido a m\u00e1s de 6 mil migrantes, en su mayor\u00eda de latinos, en la base de datos de gente fallecida,\u00a0eliminando sus opciones para trabajar legalmente en Estados Unidos o solicitar beneficios sociales, inform\u00f3 el diario The Washington Post. La medida fue ordenada por la secretaria de Seguridad Nacional, Kristi [&hellip;]<\/p>\n","protected":false},"author":2,"featured_media":214818,"comment_status":"closed","ping_status":"closed","sticky":false,"template":"","format":"standard","meta":{"footnotes":""},"categories":[12870,182],"tags":[12865,12871],"class_list":["post-214817","post","type-post","status-publish","format-standard","has-post-thumbnail","hentry","category-destacadas","category-internacional","tag-destacadas","tag-internacional"],"jetpack_featured_media_url":"https:\/\/rnoticias.com.mx\/Portal\/wp-content\/uploads\/2025\/04\/presidente-eeuu-donald-trump_103.webp","amp_enabled":true,"_links":{"self":[{"href":"https:\/\/rnoticias.com.mx\/Portal\/wp-json\/wp\/v2\/posts\/214817","targetHints":{"allow":["GET"]}}],"collection":[{"href":"https:\/\/rnoticias.com.mx\/Portal\/wp-json\/wp\/v2\/posts"}],"about":[{"href":"https:\/\/rnoticias.com.mx\/Portal\/wp-json\/wp\/v2\/types\/post"}],"author":[{"embeddable":true,"href":"https:\/\/rnoticias.com.mx\/Portal\/wp-json\/wp\/v2\/users\/2"}],"replies":[{"embeddable":true,"href":"https:\/\/rnoticias.com.mx\/Portal\/wp-json\/wp\/v2\/comments?post=214817"}],"version-history":[{"count":1,"href":"https:\/\/rnoticias.com.mx\/Portal\/wp-json\/wp\/v2\/posts\/214817\/revisions"}],"predecessor-version":[{"id":214819,"href":"https:\/\/rnoticias.com.mx\/Portal\/wp-json\/wp\/v2\/posts\/214817\/revisions\/214819"}],"wp:featuredmedia":[{"embeddable":true,"href":"https:\/\/rnoticias.com.mx\/Portal\/wp-json\/wp\/v2\/media\/214818"}],"wp:attachment":[{"href":"https:\/\/rnoticias.com.mx\/Portal\/wp-json\/wp\/v2\/media?parent=214817"}],"wp:term":[{"taxonomy":"category","embeddable":true,"href":"https:\/\/rnoticias.com.mx\/Portal\/wp-json\/wp\/v2\/categories?post=214817"},{"taxonomy":"post_tag","embeddable":true,"href":"https:\/\/rnoticias.com.mx\/Portal\/wp-json\/wp\/v2\/tags?post=214817"}],"curies":[{"name":"wp","href":"https:\/\/api.w.org\/{rel}","templated":true}]}}