{"id":214814,"date":"2025-04-12T02:53:55","date_gmt":"2025-04-12T02:53:55","guid":{"rendered":"https:\/\/rnoticias.com.mx\/Portal\/?p=214814"},"modified":"2025-04-12T02:53:55","modified_gmt":"2025-04-12T02:53:55","slug":"vinculado-a-proceso-y-en-prision-preventiva-presunto-homicida-en-nogales","status":"publish","type":"post","link":"https:\/\/rnoticias.com.mx\/Portal\/2025\/04\/12\/vinculado-a-proceso-y-en-prision-preventiva-presunto-homicida-en-nogales\/","title":{"rendered":"Vinculado a proceso y en prisi\u00f3n preventiva presunto homicida en Nogales"},"content":{"rendered":"<p>Nogales, Sonora, 11 de abril de 2025.- Los trabajos de litigaci\u00f3n e investigaci\u00f3n de la Fiscal\u00eda General de Justicia del Estado de Sonora (FGJES) llevaron a la captura y vinculaci\u00f3n a proceso de Mart\u00edn Armando \u201cN\u201d, de 30 a\u00f1os de edad, quien se encuentra en prisi\u00f3n preventiva justificada.<\/p>\n<p>El delito cometido en perjuicio de Pedro \u201cN\u201d, Alan Alberto \u201cN\u201d y Alejandro \u201cN\u201d, de 35, 28 y 30 a\u00f1os de edad, respectivamente, tuvo lugar el d\u00eda 1 de marzo del a\u00f1o en curso, en un mirador de la colonia Chulavista en Nogales, Sonora.<\/p>\n<p>El presunto responsable, junto a dos copart\u00edcipes, llev\u00f3 a las v\u00edctimas al lugar, las bajaron de una camioneta y las privaron de la vida, posteriormente fueron arrojadas por el barranco.<\/p>\n<p>Tras acreditarse la identidad del probable responsable, se obtuvo la orden de aprehensi\u00f3n, misma que un Juez de Control otorg\u00f3 y fue cumplimentada por elementos de la Agencia Ministerial de Investigaci\u00f3n Criminal (AMIC).<\/p>\n<p>Una vez a disposici\u00f3n de la autoridad correspondiente se efectuaron las audiencias que la ley demanda, se logr\u00f3 la vinculaci\u00f3n a proceso y se obtuvo la medida cautelar de prisi\u00f3n preventiva justificada, por lo que ahora se esperan las siguientes etapas procesales, en las que esta representaci\u00f3n social buscar\u00e1 una sentencia condenatoria.<\/p>\n","protected":false},"excerpt":{"rendered":"<p>Nogales, Sonora, 11 de abril de 2025.- Los trabajos de litigaci\u00f3n e investigaci\u00f3n de la Fiscal\u00eda General de Justicia del Estado de Sonora (FGJES) llevaron a la captura y vinculaci\u00f3n a proceso de Mart\u00edn Armando \u201cN\u201d, de 30 a\u00f1os de edad, quien se encuentra en prisi\u00f3n preventiva justificada. El delito cometido en perjuicio de Pedro [&hellip;]<\/p>\n","protected":false},"author":2,"featured_media":214815,"comment_status":"closed","ping_status":"closed","sticky":false,"template":"","format":"standard","meta":{"footnotes":""},"categories":[12870,174],"tags":[12865,12873],"class_list":["post-214814","post","type-post","status-publish","format-standard","has-post-thumbnail","hentry","category-destacadas","category-estatal","tag-destacadas","tag-estatal"],"jetpack_featured_media_url":"https:\/\/rnoticias.com.mx\/Portal\/wp-content\/uploads\/2025\/04\/56fe8a82-f8a0-4afd-af54-5db8dbb7f6cc.jpg","amp_enabled":true,"_links":{"self":[{"href":"https:\/\/rnoticias.com.mx\/Portal\/wp-json\/wp\/v2\/posts\/214814","targetHints":{"allow":["GET"]}}],"collection":[{"href":"https:\/\/rnoticias.com.mx\/Portal\/wp-json\/wp\/v2\/posts"}],"about":[{"href":"https:\/\/rnoticias.com.mx\/Portal\/wp-json\/wp\/v2\/types\/post"}],"author":[{"embeddable":true,"href":"https:\/\/rnoticias.com.mx\/Portal\/wp-json\/wp\/v2\/users\/2"}],"replies":[{"embeddable":true,"href":"https:\/\/rnoticias.com.mx\/Portal\/wp-json\/wp\/v2\/comments?post=214814"}],"version-history":[{"count":1,"href":"https:\/\/rnoticias.com.mx\/Portal\/wp-json\/wp\/v2\/posts\/214814\/revisions"}],"predecessor-version":[{"id":214816,"href":"https:\/\/rnoticias.com.mx\/Portal\/wp-json\/wp\/v2\/posts\/214814\/revisions\/214816"}],"wp:featuredmedia":[{"embeddable":true,"href":"https:\/\/rnoticias.com.mx\/Portal\/wp-json\/wp\/v2\/media\/214815"}],"wp:attachment":[{"href":"https:\/\/rnoticias.com.mx\/Portal\/wp-json\/wp\/v2\/media?parent=214814"}],"wp:term":[{"taxonomy":"category","embeddable":true,"href":"https:\/\/rnoticias.com.mx\/Portal\/wp-json\/wp\/v2\/categories?post=214814"},{"taxonomy":"post_tag","embeddable":true,"href":"https:\/\/rnoticias.com.mx\/Portal\/wp-json\/wp\/v2\/tags?post=214814"}],"curies":[{"name":"wp","href":"https:\/\/api.w.org\/{rel}","templated":true}]}}