{"id":214804,"date":"2025-04-12T02:47:42","date_gmt":"2025-04-12T02:47:42","guid":{"rendered":"https:\/\/rnoticias.com.mx\/Portal\/?p=214804"},"modified":"2025-04-12T02:47:42","modified_gmt":"2025-04-12T02:47:42","slug":"trasciende-mujer-alumnos-del-tec-de-monterrey-campus-sonora-norte-imparten-cursos-a-mujeres-privadas-de-su-libertad","status":"publish","type":"post","link":"https:\/\/rnoticias.com.mx\/Portal\/2025\/04\/12\/trasciende-mujer-alumnos-del-tec-de-monterrey-campus-sonora-norte-imparten-cursos-a-mujeres-privadas-de-su-libertad\/","title":{"rendered":"Trasciende Mujer: alumnos del Tec de Monterrey campus Sonora Norte imparten cursos a mujeres privadas de su libertad"},"content":{"rendered":"<p>Con el objetivo de mejorar las oportunidades para tener una segunda oportunidad en la vida, un grupo de estudiantes del Tec campus Sonora Norte dise\u00f1aron el programa de talleres <strong>Trasciende Mujer<\/strong>, dirigido a la poblaci\u00f3n femenil del Centro de Reinserci\u00f3n Social (Cereso) 1 de Hermosillo, Sonora.<\/p>\n<p>Como parte del programa, las y los j\u00f3venes trabajan durante 4 semanas con mujeres que est\u00e1n pr\u00f3ximas a recobrar su libertad para brindarles herramientas esenciales que faciliten su reintegraci\u00f3n en la sociedad, promoviendo el desarrollo personal y social.<\/p>\n<p>Luc\u00eda Canseco, directora general del campus Sonora Norte del Tec de Monterrey, encabez\u00f3 junto con Ramses Portillo, director del Sistema Penitenciario de Sonora, la ceremonia de graduaci\u00f3n de la primera generaci\u00f3n.<\/p>\n<p>\u201cQuisiera felicitarlas mucho por haber tomado la decisi\u00f3n de unirse a este programa, no es f\u00e1cil y empieza con una decisi\u00f3n de decir s\u00ed quiero. Felicidades por su actitud y por iniciar este proceso de transformaci\u00f3n\u201d, coment\u00f3 Canseco.<\/p>\n<p>Rams\u00e9s Portillo aprovech\u00f3 la oportunidad para agradecer a la instituci\u00f3n y al grupo de estudiantes.<\/p>\n<p>\u201cAgradecemos al Tecnol\u00f3gico de Monterrey y a los alumnos de Athena por este programa por llevar su compromiso m\u00e1s all\u00e1. Gracias por contribuir a la formaci\u00f3n de las personas privadas de la libertad\u201d<\/p>\n<p>Este primer grupo de 33 mujeres tuvo su ceremonia de graduaci\u00f3n el 27 de noviembre 2024, donde recibieron un reconocimiento por haber completado exitosamente todas las sesiones de talleres.<\/p>\n<p>&nbsp;<\/p>\n<p><strong>Sobre Trasciende Mujer<\/strong><\/p>\n<p>Trasciende Mujer busca contribuir en la formaci\u00f3n profesional y personal de las mujeres internas del Cereso en temas de bienestar, desarrollo de habilidades sociales, compromiso ciudadano y un plan estrat\u00e9gico de reinserci\u00f3n.<\/p>\n<p>El proyecto naci\u00f3 hace 3 a\u00f1os, cuando los miembros de ATHENA, el equipo representativo de liderazgo en Sonora, decidieron enfocarse en sectores vulnerables de la poblaci\u00f3n que son atendidos con menos frecuencia.<\/p>\n<p>Desde su concepci\u00f3n, el grupo ATHENA ha recibido el apoyo de varios colaboradores del Tec, como Arely Villalobos, profesora de Grupos Estudiantiles, quien los ha acompa\u00f1ado desde el dise\u00f1o inicial del manual para los cursos, Alejandra Monta\u00f1o, quien los ayud\u00f3 a registrar el proyecto como un servicio social, y Oscar Berrelleza, coach de liderazgo, qui\u00e9n los ayud\u00f3 a pulir m\u00e1s la iniciativa.<\/p>\n<p>Villalobos comparti\u00f3 a CONECTA que, durante su tiempo como asesora del proyecto, ha podido ver el impacto que este ha tenido tanto en los estudiantes como en las mujeres internas del Cereso.<\/p>\n<p>\u201c<em>Ya no sabes qui\u00e9n sale m\u00e1s motivado de los talleres, si ellas o nosotros mismos<\/em>\u201d, dijo la formadora LiFE.<\/p>\n<p>El proyecto, coment\u00f3 Villalobos, ha sonado mucho dentro de la poblaci\u00f3n del Cereso y entre las mismas mujeres se han empezado a animar para formar parte de las pr\u00f3ximas generaciones.<\/p>\n<p>\u201c<em>Para ellas es aspiracional tener un reconocimiento del Tec de Monterrey y adem\u00e1s se ha hecho una conexi\u00f3n padr\u00edsima con ellas<\/em>\u201d, explic\u00f3 la acad\u00e9mica.<\/p>\n<p>Para los alumnos, Trasciende Mujer tambi\u00e9n es una oportunidad de aprendizaje que los alumnos aprecian; incluso despu\u00e9s de completar sus horas de servicio social a trav\u00e9s del proyecto, hay muchos alumnos que deciden quedarse en el equipo de trabajo.<\/p>\n<p>\u201c<em>Creo que el ir [al Cereso] les genera mucha conciencia tambi\u00e9n y les ayuda a quitarse prejuicios que a veces tenemos sobre personas que est\u00e1n en esta situaci\u00f3n. Recuerdan que al final son personas como nosotros y las consecuencias que puede tener en nuestra vida una mala decisi\u00f3n<\/em>\u201d, opin\u00f3 Villalobos.<\/p>\n<p><strong>Unen fuerzas con el Estado<\/strong><\/p>\n<p>Este proyecto forma parte de <em>Regresando a Casa<\/em> un programa implementado por el Sistema Penitenciario de Sonora para prevenir la reincidencia en los centros de reinserci\u00f3n social.<\/p>\n<p>Algo que los llena de orgullo, coment\u00f3 Arely, es que participar en Trasciende Mujer ha abonado hacia la reducci\u00f3n de sentencia de estas mujeres, acerc\u00e1ndolas m\u00e1s\u00a0a\u00a0su\u00a0libertad.<\/p>\n<p>\u201c<em>Hace unas semanas tuvimos una reuni\u00f3n con el director del Sistema Penitenciario, y nos coment\u00f3 que el juez ya est\u00e1 tomando [estos talleres] como una buena iniciativa para la reducci\u00f3n de condena de las mujeres que participan<\/em>\u201d, cocluy\u00f3 Villalobos.<\/p>\n<p>Este 3 de abril 2025, Trasciende Mujer inici\u00f3 los talleres con su segunda generaci\u00f3n, formada por 40 internas, quienes esperan terminar completar el programa de talleres en mayo.<\/p>\n<p>&nbsp;<\/p>\n<p>&nbsp;<\/p>\n","protected":false},"excerpt":{"rendered":"<p>Con el objetivo de mejorar las oportunidades para tener una segunda oportunidad en la vida, un grupo de estudiantes del Tec campus Sonora Norte dise\u00f1aron el programa de talleres Trasciende Mujer, dirigido a la poblaci\u00f3n femenil del Centro de Reinserci\u00f3n Social (Cereso) 1 de Hermosillo, Sonora. Como parte del programa, las y los j\u00f3venes trabajan [&hellip;]<\/p>\n","protected":false},"author":2,"featured_media":214805,"comment_status":"closed","ping_status":"closed","sticky":false,"template":"","format":"standard","meta":{"footnotes":""},"categories":[12870,178],"tags":[12865,12869],"class_list":["post-214804","post","type-post","status-publish","format-standard","has-post-thumbnail","hentry","category-destacadas","category-local","tag-destacadas","tag-local"],"jetpack_featured_media_url":"https:\/\/rnoticias.com.mx\/Portal\/wp-content\/uploads\/2025\/04\/IMG_7542-scaled.jpg","amp_enabled":true,"_links":{"self":[{"href":"https:\/\/rnoticias.com.mx\/Portal\/wp-json\/wp\/v2\/posts\/214804","targetHints":{"allow":["GET"]}}],"collection":[{"href":"https:\/\/rnoticias.com.mx\/Portal\/wp-json\/wp\/v2\/posts"}],"about":[{"href":"https:\/\/rnoticias.com.mx\/Portal\/wp-json\/wp\/v2\/types\/post"}],"author":[{"embeddable":true,"href":"https:\/\/rnoticias.com.mx\/Portal\/wp-json\/wp\/v2\/users\/2"}],"replies":[{"embeddable":true,"href":"https:\/\/rnoticias.com.mx\/Portal\/wp-json\/wp\/v2\/comments?post=214804"}],"version-history":[{"count":1,"href":"https:\/\/rnoticias.com.mx\/Portal\/wp-json\/wp\/v2\/posts\/214804\/revisions"}],"predecessor-version":[{"id":214806,"href":"https:\/\/rnoticias.com.mx\/Portal\/wp-json\/wp\/v2\/posts\/214804\/revisions\/214806"}],"wp:featuredmedia":[{"embeddable":true,"href":"https:\/\/rnoticias.com.mx\/Portal\/wp-json\/wp\/v2\/media\/214805"}],"wp:attachment":[{"href":"https:\/\/rnoticias.com.mx\/Portal\/wp-json\/wp\/v2\/media?parent=214804"}],"wp:term":[{"taxonomy":"category","embeddable":true,"href":"https:\/\/rnoticias.com.mx\/Portal\/wp-json\/wp\/v2\/categories?post=214804"},{"taxonomy":"post_tag","embeddable":true,"href":"https:\/\/rnoticias.com.mx\/Portal\/wp-json\/wp\/v2\/tags?post=214804"}],"curies":[{"name":"wp","href":"https:\/\/api.w.org\/{rel}","templated":true}]}}