{"id":214798,"date":"2025-04-12T02:40:21","date_gmt":"2025-04-12T02:40:21","guid":{"rendered":"https:\/\/rnoticias.com.mx\/Portal\/?p=214798"},"modified":"2025-04-12T02:40:21","modified_gmt":"2025-04-12T02:40:21","slug":"supervisara-gobierno-de-sonora-uso-de-aire-acondicionado-en-transporte-urbano","status":"publish","type":"post","link":"https:\/\/rnoticias.com.mx\/Portal\/2025\/04\/12\/supervisara-gobierno-de-sonora-uso-de-aire-acondicionado-en-transporte-urbano\/","title":{"rendered":"Supervisar\u00e1 Gobierno de Sonora uso de aire acondicionado en transporte urbano"},"content":{"rendered":"<p>Hermosillo, Sonora; 11 de abril de 2025.- El Gobierno de Sonora, a trav\u00e9s del Instituto de Movilidad y Transporte para el Estado de Sonora (Imtes), realizar\u00e1 operativos de verificaci\u00f3n para asegurar que las unidades de transporte urbano enciendan sus aires acondicionados, como lo establece la ley, desde el d\u00eda 15 de abril.<\/p>\n<p>&nbsp;<\/p>\n<p>Carlos Sosa Casta\u00f1eda, coordinador ejecutivo del Imtes, anunci\u00f3 que, conforme al art\u00edculo 28 de la Ley de Transporte del Estado de Sonora, los prestadores del servicio est\u00e1n obligados a encender el aire acondicionado en las unidades del 15 de abril hasta el 15 de octubre. Debido a lo anterior, el pasado primero de abril se hizo el exhorto a los concesionarios para que cumplan con esta disposici\u00f3n.<\/p>\n<p>El funcionario estatal agreg\u00f3 que, del 24 de marzo al 4 de abril, se llev\u00f3 a cabo una inspecci\u00f3n f\u00edsica y mec\u00e1nica del total de las unidades en Hermosillo, en la que revisaron cristales, llantas, carrocer\u00eda, sistema el\u00e9ctrico, frenos, extintores, la tecnolog\u00eda de cobro, c\u00e1maras y equipos de aire acondicionado, acciones que contribuyen a que la ciudadan\u00eda cuente con un transporte m\u00e1s seguro y digno.<\/p>\n<p>Sosa Casta\u00f1eda detall\u00f3 que personal de Inspecci\u00f3n y Vigilancia del Imtes mantendr\u00e1 un operativo permanente en todo el estado. En caso de incumplimiento, se aplicar\u00e1 de primera instancia una amonestaci\u00f3n, seguido de una multa, en caso de reincidir.<\/p>\n<p>Para reportar irregularidades en el servicio, la ciudadan\u00eda puede comunicarse a la L\u00ednea de Atenci\u00f3n del Imtes al 800 71 71 110 o v\u00eda WhatsApp al 6621 04 77 55.<\/p>\n","protected":false},"excerpt":{"rendered":"<p>Hermosillo, Sonora; 11 de abril de 2025.- El Gobierno de Sonora, a trav\u00e9s del Instituto de Movilidad y Transporte para el Estado de Sonora (Imtes), realizar\u00e1 operativos de verificaci\u00f3n para asegurar que las unidades de transporte urbano enciendan sus aires acondicionados, como lo establece la ley, desde el d\u00eda 15 de abril. &nbsp; Carlos Sosa [&hellip;]<\/p>\n","protected":false},"author":2,"featured_media":214799,"comment_status":"closed","ping_status":"closed","sticky":false,"template":"","format":"standard","meta":{"footnotes":""},"categories":[12870,178],"tags":[12865,12869],"class_list":["post-214798","post","type-post","status-publish","format-standard","has-post-thumbnail","hentry","category-destacadas","category-local","tag-destacadas","tag-local"],"jetpack_featured_media_url":"https:\/\/rnoticias.com.mx\/Portal\/wp-content\/uploads\/2025\/04\/unnamed-54.jpg","amp_enabled":true,"_links":{"self":[{"href":"https:\/\/rnoticias.com.mx\/Portal\/wp-json\/wp\/v2\/posts\/214798","targetHints":{"allow":["GET"]}}],"collection":[{"href":"https:\/\/rnoticias.com.mx\/Portal\/wp-json\/wp\/v2\/posts"}],"about":[{"href":"https:\/\/rnoticias.com.mx\/Portal\/wp-json\/wp\/v2\/types\/post"}],"author":[{"embeddable":true,"href":"https:\/\/rnoticias.com.mx\/Portal\/wp-json\/wp\/v2\/users\/2"}],"replies":[{"embeddable":true,"href":"https:\/\/rnoticias.com.mx\/Portal\/wp-json\/wp\/v2\/comments?post=214798"}],"version-history":[{"count":1,"href":"https:\/\/rnoticias.com.mx\/Portal\/wp-json\/wp\/v2\/posts\/214798\/revisions"}],"predecessor-version":[{"id":214800,"href":"https:\/\/rnoticias.com.mx\/Portal\/wp-json\/wp\/v2\/posts\/214798\/revisions\/214800"}],"wp:featuredmedia":[{"embeddable":true,"href":"https:\/\/rnoticias.com.mx\/Portal\/wp-json\/wp\/v2\/media\/214799"}],"wp:attachment":[{"href":"https:\/\/rnoticias.com.mx\/Portal\/wp-json\/wp\/v2\/media?parent=214798"}],"wp:term":[{"taxonomy":"category","embeddable":true,"href":"https:\/\/rnoticias.com.mx\/Portal\/wp-json\/wp\/v2\/categories?post=214798"},{"taxonomy":"post_tag","embeddable":true,"href":"https:\/\/rnoticias.com.mx\/Portal\/wp-json\/wp\/v2\/tags?post=214798"}],"curies":[{"name":"wp","href":"https:\/\/api.w.org\/{rel}","templated":true}]}}