{"id":214795,"date":"2025-04-12T02:36:33","date_gmt":"2025-04-12T02:36:33","guid":{"rendered":"https:\/\/rnoticias.com.mx\/Portal\/?p=214795"},"modified":"2025-04-12T02:36:33","modified_gmt":"2025-04-12T02:36:33","slug":"por-instalacion-de-drenaje-en-obra-de-paso-desnivel-cerraran-dos-semanas-tramo-de-colosio-y-jose-obregon","status":"publish","type":"post","link":"https:\/\/rnoticias.com.mx\/Portal\/2025\/04\/12\/por-instalacion-de-drenaje-en-obra-de-paso-desnivel-cerraran-dos-semanas-tramo-de-colosio-y-jose-obregon\/","title":{"rendered":"Por instalaci\u00f3n de drenaje en obra de paso desnivel cerrar\u00e1n dos semanas tramo de Colosio y Jos\u00e9 Obreg\u00f3n"},"content":{"rendered":"<p><b data-olk-copy-source=\"MessageBody\">Hermosillo, Sonora; 11 de abril, 2025.-<\/b>\u00a0Por la renovaci\u00f3n de tuber\u00eda de drenaje en el cuerpo norte del bulevar Colosio, a partir de este s\u00e1bado 12 de abril se cerrar\u00e1 la vialidad, entre Real del Arco y Jos\u00e9 Obreg\u00f3n, adem\u00e1s de la Calle Jos\u00e9 Obreg\u00f3n a la altura del Blvd. Colosio; la desviaci\u00f3n hacia el poniente ser\u00e1 la calle Real del Arco.<\/p>\n<p aria-hidden=\"true\">\n<p>La titular de la Direcci\u00f3n de Desarrollo de Infraestructura, Astart\u00e9 Corro Ruiz, dijo que derivado a la construcci\u00f3n del paso a desnivel en Colosio y Solidaridad, durante aproximadamente dos semanas se necesita hacer un cierre de esta parte de la v\u00eda.<\/p>\n<p aria-hidden=\"true\">\n<p>\u201cRecordemos que empezamos a construir el d\u00eda 2 de enero del presente a\u00f1o y pues esto conlleva actividades y procesos constructivos los cuales ya se ven reflejados hasta esta \u00e1rea\u201d, coment\u00f3.<\/p>\n<p aria-hidden=\"true\">\n<p>Corro Ruiz mencion\u00f3 que en todo momento se mantendr\u00e1 acceso peatonal y tr\u00e1fico local para los comercios y las personas que viven residenciales del sector, para no afectar sus actividades.<\/p>\n<p aria-hidden=\"true\">\n<p>\u201cEstamos inform\u00e1ndole a la ciudadan\u00eda para que tome sus precauciones, el desv\u00edo ahora va a ser desde la Real del Arco para la gente que vaya hacia el Solidaridad, tomar la Real del Arco, la que est\u00e1 enfrente de esta tienda comercial, para integrarse al Navarrete y posteriormente el Solidaridad.<\/p>\n<p aria-hidden=\"true\">\n<p>Manifest\u00f3 que van a aprovechar los d\u00edas que habr\u00e1 bajo flujo vehicular en la ciudad por la temporada vacacional y as\u00ed no entorpecer mucho el tr\u00e1fico. El tiempo estimado para concluir los trabajos en ese tramo es de 10 d\u00edas, pero el lapso m\u00e1ximo es que est\u00e9 listo al volver de la semana de Pascua, cuando los estudiantes vuelven a clases.<\/p>\n<p aria-hidden=\"true\">\n<p>En el \u00e1rea se instalar\u00e1 tuber\u00eda de drenaje de 36 pulgadas que viene desde el crucero del Colosio y solidaridad hasta ese punto que va a ser la conexi\u00f3n principal.<\/p>\n","protected":false},"excerpt":{"rendered":"<p>Hermosillo, Sonora; 11 de abril, 2025.-\u00a0Por la renovaci\u00f3n de tuber\u00eda de drenaje en el cuerpo norte del bulevar Colosio, a partir de este s\u00e1bado 12 de abril se cerrar\u00e1 la vialidad, entre Real del Arco y Jos\u00e9 Obreg\u00f3n, adem\u00e1s de la Calle Jos\u00e9 Obreg\u00f3n a la altura del Blvd. Colosio; la desviaci\u00f3n hacia el poniente [&hellip;]<\/p>\n","protected":false},"author":2,"featured_media":214796,"comment_status":"closed","ping_status":"closed","sticky":false,"template":"","format":"standard","meta":{"footnotes":""},"categories":[12870,178],"tags":[12865,12869],"class_list":["post-214795","post","type-post","status-publish","format-standard","has-post-thumbnail","hentry","category-destacadas","category-local","tag-destacadas","tag-local"],"jetpack_featured_media_url":"https:\/\/rnoticias.com.mx\/Portal\/wp-content\/uploads\/2025\/04\/Por-instalacion-de-drenaje-en-obra-de-paso-desnivel-cerraran-dos-semanas-tramo-de-Colosio-y-Jose-Obregon1.jpg","amp_enabled":true,"_links":{"self":[{"href":"https:\/\/rnoticias.com.mx\/Portal\/wp-json\/wp\/v2\/posts\/214795","targetHints":{"allow":["GET"]}}],"collection":[{"href":"https:\/\/rnoticias.com.mx\/Portal\/wp-json\/wp\/v2\/posts"}],"about":[{"href":"https:\/\/rnoticias.com.mx\/Portal\/wp-json\/wp\/v2\/types\/post"}],"author":[{"embeddable":true,"href":"https:\/\/rnoticias.com.mx\/Portal\/wp-json\/wp\/v2\/users\/2"}],"replies":[{"embeddable":true,"href":"https:\/\/rnoticias.com.mx\/Portal\/wp-json\/wp\/v2\/comments?post=214795"}],"version-history":[{"count":1,"href":"https:\/\/rnoticias.com.mx\/Portal\/wp-json\/wp\/v2\/posts\/214795\/revisions"}],"predecessor-version":[{"id":214797,"href":"https:\/\/rnoticias.com.mx\/Portal\/wp-json\/wp\/v2\/posts\/214795\/revisions\/214797"}],"wp:featuredmedia":[{"embeddable":true,"href":"https:\/\/rnoticias.com.mx\/Portal\/wp-json\/wp\/v2\/media\/214796"}],"wp:attachment":[{"href":"https:\/\/rnoticias.com.mx\/Portal\/wp-json\/wp\/v2\/media?parent=214795"}],"wp:term":[{"taxonomy":"category","embeddable":true,"href":"https:\/\/rnoticias.com.mx\/Portal\/wp-json\/wp\/v2\/categories?post=214795"},{"taxonomy":"post_tag","embeddable":true,"href":"https:\/\/rnoticias.com.mx\/Portal\/wp-json\/wp\/v2\/tags?post=214795"}],"curies":[{"name":"wp","href":"https:\/\/api.w.org\/{rel}","templated":true}]}}