{"id":214727,"date":"2025-04-11T18:13:01","date_gmt":"2025-04-11T18:13:01","guid":{"rendered":"https:\/\/rnoticias.com.mx\/Portal\/?p=214727"},"modified":"2025-04-11T18:13:01","modified_gmt":"2025-04-11T18:13:01","slug":"participa-alumnado-de-cobach-sonora-en-campana-latas-con-energia-y-esperanza-para-marko","status":"publish","type":"post","link":"https:\/\/rnoticias.com.mx\/Portal\/2025\/04\/11\/participa-alumnado-de-cobach-sonora-en-campana-latas-con-energia-y-esperanza-para-marko\/","title":{"rendered":"Participa alumnado de Cobach Sonora en campa\u00f1a \u201cLatas con Energ\u00eda y Esperanza para Marko\u201d"},"content":{"rendered":"<p>Hermosillo, Sonora; 11 de abril de 2025.\u2013 La comunidad estudiantil de diversos planteles del Colegio de Bachilleres del Estado de Sonora (Cobach) logr\u00f3 reunir m\u00e1s de cuatro toneladas de latas de aluminio en la campa\u00f1a \u201cLatas con Energ\u00eda y Esperanza para Marko\u201d, en solidaridad con Marko, un ni\u00f1o sonorense que enfrenta el s\u00edndrome CTNNB1, destac\u00f3 Rodrigo Arturo Rosas Burgos.<\/p>\n<p>El director general del Cobach agradeci\u00f3 la participaci\u00f3n de estudiantes, docentes, directivos y personal de los planteles Villa de Seris, Hermosillo 5, Nuevo Hermosillo, California, profesor Jes\u00fas Guillermo Careaga Cruz (Reforma) y profesor Ernesto L\u00f3pez Riesgo, todos de la capital, quienes se unieron a esta noble causa en apoyo al tratamiento de Marko.<\/p>\n<p>Subray\u00f3 que, gracias al compromiso de las comunidades escolares, se demostr\u00f3 la solidaridad y empat\u00eda que los j\u00f3venes del Cobach est\u00e1n desarrollando como parte de su formaci\u00f3n, lo que llena de orgullo y esperanza al ver los resultados de esta campa\u00f1a.<\/p>\n<p>Rosas Burgos se\u00f1al\u00f3 que este logro va m\u00e1s all\u00e1 del reciclaje: cada lata recolectada representa no solo una acci\u00f3n en favor del planeta, sino tambi\u00e9n una muestra de apoyo para Marko, un ni\u00f1o que lucha con valent\u00eda contra una enfermedad rara. El s\u00edndrome CTNNB1 es un padecimiento gen\u00e9tico poco com\u00fan, del cual se conocen solo cinco casos en M\u00e9xico y 500 en todo el mundo.<\/p>\n<p>Los padres del menor tienen la esperanza de que pueda acceder a un tratamiento desarrollado en Eslovenia, el cual comenzar\u00e1 a aplicarse este 2025 y podr\u00eda ayudar a contrarrestar los efectos del s\u00edndrome, causado por una deficiencia en la producci\u00f3n de beta-catenina, prote\u00edna esencial para la cohesi\u00f3n celular. Esta condici\u00f3n se manifiesta con problemas psicomotores, visuales, y trastornos del espectro autista, entre otros.<\/p>\n","protected":false},"excerpt":{"rendered":"<p>Hermosillo, Sonora; 11 de abril de 2025.\u2013 La comunidad estudiantil de diversos planteles del Colegio de Bachilleres del Estado de Sonora (Cobach) logr\u00f3 reunir m\u00e1s de cuatro toneladas de latas de aluminio en la campa\u00f1a \u201cLatas con Energ\u00eda y Esperanza para Marko\u201d, en solidaridad con Marko, un ni\u00f1o sonorense que enfrenta el s\u00edndrome CTNNB1, destac\u00f3 [&hellip;]<\/p>\n","protected":false},"author":2,"featured_media":214728,"comment_status":"closed","ping_status":"closed","sticky":false,"template":"","format":"standard","meta":{"footnotes":""},"categories":[12870,178],"tags":[12865,12869],"class_list":["post-214727","post","type-post","status-publish","format-standard","has-post-thumbnail","hentry","category-destacadas","category-local","tag-destacadas","tag-local"],"jetpack_featured_media_url":"https:\/\/rnoticias.com.mx\/Portal\/wp-content\/uploads\/2025\/04\/unnamed-2-9.jpg","amp_enabled":true,"_links":{"self":[{"href":"https:\/\/rnoticias.com.mx\/Portal\/wp-json\/wp\/v2\/posts\/214727","targetHints":{"allow":["GET"]}}],"collection":[{"href":"https:\/\/rnoticias.com.mx\/Portal\/wp-json\/wp\/v2\/posts"}],"about":[{"href":"https:\/\/rnoticias.com.mx\/Portal\/wp-json\/wp\/v2\/types\/post"}],"author":[{"embeddable":true,"href":"https:\/\/rnoticias.com.mx\/Portal\/wp-json\/wp\/v2\/users\/2"}],"replies":[{"embeddable":true,"href":"https:\/\/rnoticias.com.mx\/Portal\/wp-json\/wp\/v2\/comments?post=214727"}],"version-history":[{"count":1,"href":"https:\/\/rnoticias.com.mx\/Portal\/wp-json\/wp\/v2\/posts\/214727\/revisions"}],"predecessor-version":[{"id":214729,"href":"https:\/\/rnoticias.com.mx\/Portal\/wp-json\/wp\/v2\/posts\/214727\/revisions\/214729"}],"wp:featuredmedia":[{"embeddable":true,"href":"https:\/\/rnoticias.com.mx\/Portal\/wp-json\/wp\/v2\/media\/214728"}],"wp:attachment":[{"href":"https:\/\/rnoticias.com.mx\/Portal\/wp-json\/wp\/v2\/media?parent=214727"}],"wp:term":[{"taxonomy":"category","embeddable":true,"href":"https:\/\/rnoticias.com.mx\/Portal\/wp-json\/wp\/v2\/categories?post=214727"},{"taxonomy":"post_tag","embeddable":true,"href":"https:\/\/rnoticias.com.mx\/Portal\/wp-json\/wp\/v2\/tags?post=214727"}],"curies":[{"name":"wp","href":"https:\/\/api.w.org\/{rel}","templated":true}]}}