{"id":214696,"date":"2025-04-11T15:55:32","date_gmt":"2025-04-11T15:55:32","guid":{"rendered":"https:\/\/rnoticias.com.mx\/Portal\/?p=214696"},"modified":"2025-04-11T15:55:32","modified_gmt":"2025-04-11T15:55:32","slug":"estado-de-sonora-participara-en-la-gran-escapada-el-buen-fin-del-turismo-fecanaco-canacope","status":"publish","type":"post","link":"https:\/\/rnoticias.com.mx\/Portal\/2025\/04\/11\/estado-de-sonora-participara-en-la-gran-escapada-el-buen-fin-del-turismo-fecanaco-canacope\/","title":{"rendered":"Estado de Sonora participar\u00e1 en \u201cLa Gran Escapada\u201d, el Buen Fin del turismo: Fecanaco-Canacope"},"content":{"rendered":"<p>Invitan Fecanaco Sonora y Canacope Hermosillo a todo el sector tur\u00edstico de la entidad, para que formen parte de la primera edici\u00f3n del programa nacional \u201cLa Gran Escapada\u201d, el Buen Fin del turismo.<\/p>\n<p>&nbsp;<\/p>\n<p>Martin Zalazar Zazueta, presidente de ambas c\u00e1maras empresariales en Sonora, manifest\u00f3 que esa iniciativa fue presentada por la Secretar\u00eda del ramo y la Confederaci\u00f3n Nacional de C\u00e1maras de Comercio y Servicios Tur\u00edsticos, con la intenci\u00f3n que participen empresas y profesionistas del sector a fin de conformar una oferta tur\u00edstica muy amplia y a costos bastante atractivos.<\/p>\n<p>&nbsp;<\/p>\n<p><strong>\u00a0\u201cEsta primera edici\u00f3n ser\u00e1 del 30 mayo al 1 de junio del 2025, en las que las personas podr\u00e1n adquirir promociones, descuentos y disfrutar de sus viajes cuando lo deseen.<\/strong><\/p>\n<p><strong>Dicho programa consistir\u00e1 en invitar a todo el sector turismo a participar con una amplia gama de ofertas y descuentos, tarifas preferentes y dem\u00e1s beneficios para la promoci\u00f3n del turismo en nuestro pa\u00eds\u201d, dijo.<\/strong><\/p>\n<p>&nbsp;<\/p>\n<p>Agreg\u00f3, que la forma para participar ser\u00e1 registr\u00e1ndose en la p\u00e1gina <a href=\"http:\/\/www.lagranescapada.com.mx\">www.lagranescapada.com.mx<\/a>, del 15 al 29 de mayo y por ese motivo desde ya, se est\u00e1 invitando a participar a restaurantes, hoteleros, prestadores de servicios como agencias de viaje, l\u00edneas a\u00e9reas, de camiones, tour operadores, parques tem\u00e1ticos y dem\u00e1s, ya que entre m\u00e1s proveedores se unan a este evento, m\u00e1s atractivo ser\u00e1 para el turismo en este pa\u00eds.<\/p>\n<p>&nbsp;<\/p>\n<p>Confi\u00f3, que este programa en su primera edici\u00f3n sea de un gran \u00e9xito y eso se podr\u00e1 lograr con el respaldo de muchas empresas dedicadas al sector turismo de todo M\u00e9xico y en especial de Sonora, ofreciendo grandes promociones y descuentos en cada uno de los sitios con m\u00e1s realce tur\u00edsticamente hablando.<\/p>\n<p>&nbsp;<\/p>\n<p>A\u00f1adi\u00f3 tambi\u00e9n, que la promoci\u00f3n tur\u00edstica genera importantes beneficios econ\u00f3micos y sociales, incluyendo la creaci\u00f3n de empleos, el fomento de la econom\u00eda local y la preservaci\u00f3n del patrimonio natural, por lo que es importante que la federaci\u00f3n y los estados apoyen a los municipios con recursos para que puedan dar mantenimiento a carreteras, monumentos, accesos y todo lo que sea necesario para que el turista nacional e internacional disfrute de su experiencia en los lugares que visiten.<\/p>\n<p>&nbsp;<\/p>\n<p><strong>Sonora ofrece una gran variedad de atractivos tur\u00edsticos incluyendo playas, desiertos, pueblos, y reservas naturales. Por eso invitamos a todos los sonorenses a sumarse a La Gran Escapada y visiten todo lo que el estado les ofrece, ya que no solo podr\u00e1n adquirir viajes recreativos sino tambi\u00e9n culturales, tur\u00edsticos, m\u00e9dicos, etc\u00e9tera\u201d, coment\u00f3.<\/strong><\/p>\n<p>&nbsp;<\/p>\n<p>Finalmente, el presidente de Fecanaco Sonora y Canacope Hermosillo, reiter\u00f3 la invitaci\u00f3n a los proveedores de este importante sector, a inscribirse en <a href=\"http:\/\/www.lagranescapada.com.mx\">www.lagranescapada.com.mx<\/a>, del 15 al 29 de mayo y participar en este programa \u201cLa Gran Escapada\u201d, el Buen Fin del turismo y apoyar la econom\u00eda de la regi\u00f3n.<\/p>\n","protected":false},"excerpt":{"rendered":"<p>Invitan Fecanaco Sonora y Canacope Hermosillo a todo el sector tur\u00edstico de la entidad, para que formen parte de la primera edici\u00f3n del programa nacional \u201cLa Gran Escapada\u201d, el Buen Fin del turismo. &nbsp; Martin Zalazar Zazueta, presidente de ambas c\u00e1maras empresariales en Sonora, manifest\u00f3 que esa iniciativa fue presentada por la Secretar\u00eda del ramo [&hellip;]<\/p>\n","protected":false},"author":2,"featured_media":214697,"comment_status":"closed","ping_status":"closed","sticky":false,"template":"","format":"standard","meta":{"footnotes":""},"categories":[12870,178],"tags":[12865,12869],"class_list":["post-214696","post","type-post","status-publish","format-standard","has-post-thumbnail","hentry","category-destacadas","category-local","tag-destacadas","tag-local"],"jetpack_featured_media_url":"https:\/\/rnoticias.com.mx\/Portal\/wp-content\/uploads\/2025\/04\/Logotipo-de-La-Gran-Escapada-1021x1024-1.jpeg","amp_enabled":true,"_links":{"self":[{"href":"https:\/\/rnoticias.com.mx\/Portal\/wp-json\/wp\/v2\/posts\/214696","targetHints":{"allow":["GET"]}}],"collection":[{"href":"https:\/\/rnoticias.com.mx\/Portal\/wp-json\/wp\/v2\/posts"}],"about":[{"href":"https:\/\/rnoticias.com.mx\/Portal\/wp-json\/wp\/v2\/types\/post"}],"author":[{"embeddable":true,"href":"https:\/\/rnoticias.com.mx\/Portal\/wp-json\/wp\/v2\/users\/2"}],"replies":[{"embeddable":true,"href":"https:\/\/rnoticias.com.mx\/Portal\/wp-json\/wp\/v2\/comments?post=214696"}],"version-history":[{"count":1,"href":"https:\/\/rnoticias.com.mx\/Portal\/wp-json\/wp\/v2\/posts\/214696\/revisions"}],"predecessor-version":[{"id":214698,"href":"https:\/\/rnoticias.com.mx\/Portal\/wp-json\/wp\/v2\/posts\/214696\/revisions\/214698"}],"wp:featuredmedia":[{"embeddable":true,"href":"https:\/\/rnoticias.com.mx\/Portal\/wp-json\/wp\/v2\/media\/214697"}],"wp:attachment":[{"href":"https:\/\/rnoticias.com.mx\/Portal\/wp-json\/wp\/v2\/media?parent=214696"}],"wp:term":[{"taxonomy":"category","embeddable":true,"href":"https:\/\/rnoticias.com.mx\/Portal\/wp-json\/wp\/v2\/categories?post=214696"},{"taxonomy":"post_tag","embeddable":true,"href":"https:\/\/rnoticias.com.mx\/Portal\/wp-json\/wp\/v2\/tags?post=214696"}],"curies":[{"name":"wp","href":"https:\/\/api.w.org\/{rel}","templated":true}]}}