{"id":214683,"date":"2025-04-11T15:33:54","date_gmt":"2025-04-11T15:33:54","guid":{"rendered":"https:\/\/rnoticias.com.mx\/Portal\/?p=214683"},"modified":"2025-04-11T15:33:54","modified_gmt":"2025-04-11T15:33:54","slug":"trump-amenaza-a-mexico-con-aranceles-por-violacion-al-tratado-de-aguas-de-1944","status":"publish","type":"post","link":"https:\/\/rnoticias.com.mx\/Portal\/2025\/04\/11\/trump-amenaza-a-mexico-con-aranceles-por-violacion-al-tratado-de-aguas-de-1944\/","title":{"rendered":"Trump amenaza a M\u00e9xico con aranceles por violaci\u00f3n al Tratado de Aguas de 1944"},"content":{"rendered":"<p>El presidente de Estados Unidos Donald Trump acus\u00f3 este jueves en su cuenta de Truth Social que presuntamente M\u00e9xico ha violado el Tratado de Aguas de 1944, y amenaz\u00f3 al gobierno Federal de implementar aranceles y &#8220;tal vez&#8221; sanciones hasta que &#8220;se le d\u00e9 a Texas el agua que le corresponde&#8221;.<\/p>\n<p>Trump afirm\u00f3 que durante marzo detuvo env\u00edos de agua a Tijuana debido a que, acus\u00f3, M\u00e9xico le debe a Texas 1.3 millones de acres-pies de agua, lo que\u00a0equivale a 160 mil 290 metros c\u00fabicos.<\/p>\n<p><strong>&#8220;\u00a1ESTO SE ACABA YA! Me asegurar\u00e9 de que M\u00e9xico no viole nuestros tratados ni perjudique a nuestros agricultores texanos&#8221;,<\/strong>\u00a0escribi\u00f3 el republicano.<\/p>\n<h4>Sheinbaum responde a amenaza de Trump sobre aranceles<\/h4>\n<p>En respuesta, la presidenta de M\u00e9xico Claudia Sheinbaum Pardo detall\u00f3 que el d\u00eda mi\u00e9rcoles 9 de abril\u00a0fue enviada al subsecretario del Departamento de Estado de Estados Unidos una propuesta integral para atender el env\u00edo de agua a Texas con &#8220;acciones a muy corto plazo&#8221;.<\/p>\n<p><strong>&#8220;Han sido tres a\u00f1os de sequ\u00eda y, en la medida de la disponibilidad de agua, M\u00e9xico ha estado cumpliendo. La Comisi\u00f3n Internacional de L\u00edmites y Aguas ha continuado los trabajos para identificar opciones de soluci\u00f3n favorables para ambos pa\u00edses&#8221;,\u00a0<\/strong>public\u00f3 la Mandataria Federal en su cuenta de X.<\/p>\n<p>Adem\u00e1s, adelant\u00f3 que los secretarios de Agricultura y Desarrollo Rural (Julio Berdegu\u00e9), Relaciones Exteriores (Juan Ram\u00f3n de la Fuente) y Medio Ambiente y Recursos Naturales (Alicia B\u00e1rcena) fueron instruidos para &#8220;de inmediato&#8221; hacer contacto con la Secretar\u00eda de Agricultura y el Departamento de Estado de EU.<\/p>\n<p>&#8220;Estoy segura que, como en otros temas, se llegar\u00e1 a un acuerdo&#8221;, pronostic\u00f3.<\/p>\n<h4>\u00bfEn qu\u00e9 consiste el Tratado de Aguas de 1944?<\/h4>\n<p>De acuerdo con el gobierno Federal, el 3 de febrero de 1944 se suscribi\u00f3 el &#8220;Tratado relativo al aprovechamiento de las aguas de los r\u00edos Colorado y Tijuana y del r\u00edo Bravo (llamado &#8220;Grande&#8221; por los estadounidenses) desde Fort Quitman, Texas, hasta el Golfo de M\u00e9xico entre los Estados Unidos Mexicanos y los Estados Unidos de Am\u00e9rica&#8221;.<\/p>\n<p>Este tratado, que regula la distribuci\u00f3n de agua de los r\u00edos Bravo y Colorado, que forman parte del l\u00edmite territorial de ambas naciones, fue ratificado por Estados Unidos el 18 de abril de 1945 y por M\u00e9xico el 29 de septiembre de ese mismo a\u00f1o.<\/p>\n<p><strong>El Tratado establece la asignaci\u00f3n de aguas de los r\u00edos Bravo y Colorado para M\u00e9xico en dos terceras partes<\/strong>\u00a0del r\u00edo Conchos, r\u00edo San Diego, r\u00edo San Rodrigo, r\u00edo Escondido, r\u00edo Salado y arroyo de Las Vacas, lo que equivale a 4 mil 317 millones 210 mil metros c\u00fabicos.<\/p>\n<p>Por otro lado,\u00a0<strong>para Estados Unidos corresponde una tercera parte de los r\u00edos anteriormente mencionados,<\/strong>\u00a0que equivale a 2 mil 158 millones 605 mil metros c\u00fabicos.<\/p>\n<p>Uno de los objetivos de este acuerdo bilateral es redistribuir el agua de manera equitativa de estos r\u00edos internacionales &#8220;en cantidad justa&#8221; y &#8220;previamente acordada para sus necesidades agr\u00edcolas&#8221;.<\/p>\n","protected":false},"excerpt":{"rendered":"<p>El presidente de Estados Unidos Donald Trump acus\u00f3 este jueves en su cuenta de Truth Social que presuntamente M\u00e9xico ha violado el Tratado de Aguas de 1944, y amenaz\u00f3 al gobierno Federal de implementar aranceles y &#8220;tal vez&#8221; sanciones hasta que &#8220;se le d\u00e9 a Texas el agua que le corresponde&#8221;. Trump afirm\u00f3 que durante [&hellip;]<\/p>\n","protected":false},"author":2,"featured_media":214684,"comment_status":"closed","ping_status":"closed","sticky":false,"template":"","format":"standard","meta":{"footnotes":""},"categories":[12870,172],"tags":[12865,12874],"class_list":["post-214683","post","type-post","status-publish","format-standard","has-post-thumbnail","hentry","category-destacadas","category-nacional","tag-destacadas","tag-nacional"],"jetpack_featured_media_url":"https:\/\/rnoticias.com.mx\/Portal\/wp-content\/uploads\/2025\/04\/f960x540-694992_769067_5050-768x432-1.webp","amp_enabled":true,"_links":{"self":[{"href":"https:\/\/rnoticias.com.mx\/Portal\/wp-json\/wp\/v2\/posts\/214683","targetHints":{"allow":["GET"]}}],"collection":[{"href":"https:\/\/rnoticias.com.mx\/Portal\/wp-json\/wp\/v2\/posts"}],"about":[{"href":"https:\/\/rnoticias.com.mx\/Portal\/wp-json\/wp\/v2\/types\/post"}],"author":[{"embeddable":true,"href":"https:\/\/rnoticias.com.mx\/Portal\/wp-json\/wp\/v2\/users\/2"}],"replies":[{"embeddable":true,"href":"https:\/\/rnoticias.com.mx\/Portal\/wp-json\/wp\/v2\/comments?post=214683"}],"version-history":[{"count":1,"href":"https:\/\/rnoticias.com.mx\/Portal\/wp-json\/wp\/v2\/posts\/214683\/revisions"}],"predecessor-version":[{"id":214685,"href":"https:\/\/rnoticias.com.mx\/Portal\/wp-json\/wp\/v2\/posts\/214683\/revisions\/214685"}],"wp:featuredmedia":[{"embeddable":true,"href":"https:\/\/rnoticias.com.mx\/Portal\/wp-json\/wp\/v2\/media\/214684"}],"wp:attachment":[{"href":"https:\/\/rnoticias.com.mx\/Portal\/wp-json\/wp\/v2\/media?parent=214683"}],"wp:term":[{"taxonomy":"category","embeddable":true,"href":"https:\/\/rnoticias.com.mx\/Portal\/wp-json\/wp\/v2\/categories?post=214683"},{"taxonomy":"post_tag","embeddable":true,"href":"https:\/\/rnoticias.com.mx\/Portal\/wp-json\/wp\/v2\/tags?post=214683"}],"curies":[{"name":"wp","href":"https:\/\/api.w.org\/{rel}","templated":true}]}}