{"id":214669,"date":"2025-04-11T03:00:54","date_gmt":"2025-04-11T03:00:54","guid":{"rendered":"https:\/\/rnoticias.com.mx\/Portal\/?p=214669"},"modified":"2025-04-11T03:00:54","modified_gmt":"2025-04-11T03:00:54","slug":"torturan-y-asesinan-a-sara-millerey-mujer-trans-en-colombia-fue-arrojada-a-un-rio","status":"publish","type":"post","link":"https:\/\/rnoticias.com.mx\/Portal\/2025\/04\/11\/torturan-y-asesinan-a-sara-millerey-mujer-trans-en-colombia-fue-arrojada-a-un-rio\/","title":{"rendered":"Torturan y asesinan a Sara Millerey, mujer trans, en Colombia; fue arrojada a un r\u00edo"},"content":{"rendered":"<p>Las desgarradoras im\u00e1genes circulan en redes sociales.\u00a0<b>Se observa a una mujer, visiblemente golpeada, en una quebrada. Una persona la graba por varios segundos -es el video que se hizo viral-, pero no la auxilia.<\/b>\u00a0Nadie lo hace mientras dura la grabaci\u00f3n, a pesar de que ella se queja del dolor.<\/p>\n<p>Horas m\u00e1s tarde se confirm\u00f3 que la mujer muri\u00f3: se trata de\u00a0<a class=\"Link\" title=\"Sara Millerey Gonz\u00e1lez Borja\" href=\"https:\/\/www.noticiascaracol.com\/colombia\/que-se-sabe-del-asesinato-de-sara-millerey-en-bello-antioquia-ofrecen-recompensa-por-culpables-rg10\" type=\"text\/html\" data-cms-ai=\"0\" data-mrf-link=\"https:\/\/www.noticiascaracol.com\/colombia\/que-se-sabe-del-asesinato-de-sara-millerey-en-bello-antioquia-ofrecen-recompensa-por-culpables-rg10\">Sara Millerey Gonz\u00e1lez Borja\u00a0<\/a>, de 32 a\u00f1os de edad, una mujer con experiencia de vida trans cuyo asesinato ha generado una ola de indignaci\u00f3n en un pa\u00eds donde el primer trimestre del a\u00f1o dej\u00f3 alarmantes cifras de violencia contra la poblaci\u00f3n LGBTIQ+.<\/p>\n<p>Los hechos ocurrieron sobre las 6 p.m. del viernes pasado en las aguas de la quebrada La Garc\u00eda, en el municipio de Bello, departamento de Antioquia.<\/p>\n<p>All\u00ed\u00a0<a class=\"Link\" title=\"Sara Millerey, a quienes sus m\u00e1s cercanos llamaban de cari\u00f1o La Millerey\" href=\"https:\/\/www.noticiascaracol.com\/colombia\/que-se-sabe-del-asesinato-de-sara-millerey-en-bello-antioquia-ofrecen-recompensa-por-culpables-rg10\" target=\"_blank\" rel=\"nofollow noreferrer noopener\" type=\"text\/html\" data-cms-ai=\"0\" data-mrf-link=\"https:\/\/www.noticiascaracol.com\/colombia\/que-se-sabe-del-asesinato-de-sara-millerey-en-bello-antioquia-ofrecen-recompensa-por-culpables-rg10\">Sara Millerey, a quienes sus m\u00e1s cercanos llamaban de cari\u00f1o La Millerey\u00a0<\/a>, fue encontrada gravemente herida.\u00a0<b>Sus agresores, de quienes a\u00fan no se tiene informaci\u00f3n, le fracturaron los brazos y las piernas y, posteriormente, la arrojaron a la corriente para que no pudiera salir.<\/b><\/p>\n<p>Seg\u00fan reportes de prensa local, Sara Millerey fue arrojada a la quebrada en la tarde del viernes pasado. Ella alcanz\u00f3 a sujetarse de unas ramas y a pedir ayuda. Dos personas que transitaban por la zona, luego de varios minutos, la auxiliaron. Con el apoyo del equipo de Bomberos de Bello, fue trasladada al Hospital La Mar\u00eda, de\u00a0<a class=\"Link\" title=\"Medell\u00edn\" href=\"https:\/\/www.noticiascaracol.com\/colombia\/en-medellin-mujer-de-22-anos-habria-sido-asesinada-por-una-adolescente-en-un-hotel-rg10\" type=\"text\/html\" data-cms-ai=\"0\" data-mrf-link=\"https:\/\/www.noticiascaracol.com\/colombia\/en-medellin-mujer-de-22-anos-habria-sido-asesinada-por-una-adolescente-en-un-hotel-rg10\">Medell\u00edn\u00a0<\/a>, donde perdi\u00f3 la vida. La gravedad de las lesiones y las afectaciones en las heridas por el agua contaminada de la quebrada agravaron su estado.<\/p>\n<p>El reporte judicial se\u00f1ala que\u00a0<a class=\"Link\" title=\"la mujer, antes de morir, manifest\u00f3 que unas personas la hab\u00eda arrojado a la quebrada\" href=\"https:\/\/www.noticiascaracol.com\/colombia\/las-ultimas-horas-de-sara-millerey-mujer-trans-torturada-y-asesinada-en-bello-en-que-va-el-caso-rg10\" type=\"text\/html\" data-cms-ai=\"0\" data-mrf-link=\"https:\/\/www.noticiascaracol.com\/colombia\/las-ultimas-horas-de-sara-millerey-mujer-trans-torturada-y-asesinada-en-bello-en-que-va-el-caso-rg10\">la mujer, antes de morir, manifest\u00f3 que unas personas la hab\u00eda arrojado a la quebrada\u00a0<\/a><b>, pero no detall\u00f3 qui\u00e9nes ni por qu\u00e9 raz\u00f3n<\/b>. Por lo pronto, Jos\u00e9 Rolando Serrano Jaramillo, secretario de Seguridad y Convivencia Ciudadana de Bello, asegur\u00f3 que habr\u00eda muerto &#8220;a golpes por personas del sector&#8221;, quienes la arrojan a la quebrada. &#8220;En este momento la Fiscal\u00eda General de la Naci\u00f3n y Medicina Legal est\u00e1n realizando todas las investigaciones para determinar las circunstancias en las que se realizaron estos lamentables hechos&#8221;, explic\u00f3 Serrano Jaramillo.<\/p>\n<p>En un comunicado, el Ministerio de Igualdad y Equidad rechaz\u00f3 lo ocurrido y se\u00f1al\u00f3: &#8220;La transfobia mata. El silencio, tambi\u00e9n&#8221;.\u00a0<b>&#8220;Sara fue v\u00edctima de una agresi\u00f3n violenta, deshumanizante y brutal que enluta al pa\u00eds y evidencia la persistencia de violencias estructurales basadas en prejuicios, intolerancia y odio hacia las identidades diversas&#8221;<\/b>, se lee en el comunicado.<\/p>\n<p>El Ministerio de Igualdad y Equidad tambi\u00e9n le solicit\u00f3 al Ministerio del Interior la convocatoria de una sesi\u00f3n extraordinaria de Mesa de Casos Urgentes, con el prop\u00f3sito de activar la ruta interinstitucional de atenci\u00f3n y garantizar el estricto seguimiento al caso. De igual manera, le pidi\u00f3 a la Fiscal\u00eda General, la Polic\u00eda y autoridades de Antioquia y Bello actuar con celeridad y enfoque diferencial para esclarecer los hechos y sancionar a los responsables.<\/p>\n<p>Por su parte, Lorena Gonz\u00e1lez, alcaldesa del municipio antioque\u00f1o, dijo que se trata de un acto atroz y cargado de odio. \u201cDuele profundamente que ocurri\u00f3 ante la indiferencia de muchos\u201d, anot\u00f3. La mandataria local dijo que a Sara \u201cle quebraron sus sue\u00f1os, su cuerpo, su vida. No fue solo un crimen, fue un acto transf\u00f3bico que nos duele y nos indigna. La transfobia mata, no m\u00e1s indiferencia y no m\u00e1s silencio\u201d.<\/p>\n<h2 class=\"cms-hs-h2\">\u00bfQui\u00e9n era Sara Millerey?<\/h2>\n<p>Una amiga de Sara, quien pidi\u00f3 reserva de su nombre, le cont\u00f3 a la Mesa Ciudadana LGBTIQ+ del municipio de Bello que &#8220;empez\u00f3 a ser muy rebelde desde peque\u00f1a y que en esa \u00e9poca habr\u00eda sufrido de abuso sexual de parte de un familiar&#8221;. &#8220;Luego, en la adolescencia se dio cuenta de que era mujer atrapada en un cuerpo de hombre y empez\u00f3 a cambiar su aspecto, pero sufr\u00eda mucho por lo del abuso y porque no se hallaba&#8221;, agreg\u00f3.<\/p>\n<p>Tambi\u00e9n relat\u00f3 que Sara en alg\u00fan momento consumi\u00f3 sustancias alucin\u00f3genas. &#8220;Conoci\u00f3 las drogas y la calle. Durante a\u00f1os estuvo en ese mundo. Intent\u00f3 rehabilitarse y su madre le ayud\u00f3 en el tratamiento. Estuvo muy bien alg\u00fan tiempo, consigui\u00f3 novio, pero recay\u00f3&#8221;, manifest\u00f3 su amiga.<\/p>\n<p>En los \u00faltimos meses, sin embargo, su mam\u00e1 le ayud\u00f3 a conseguir una habitaci\u00f3n en el barrio El C\u00f3ngolo, en el municipio de Bello. Pero la noche del 4 de abril un grupo de personas la atacaron con sevicia.<\/p>\n<h2 class=\"cms-hs-h2\">No es un caso aislado, se\u00f1alan organizaciones<\/h2>\n<p>Organizaciones sociales que trabajan por los derechos de personas LGBTIQ+ en Colombia han expresado su rechazo por el asesinato de Sara. Caribe Afirmativo, una de estas organizaciones, denunci\u00f3 incluso que &#8220;este hecho no es aislado&#8221;.<\/p>\n<p>&#8220;Hace parte de una ola de violencia sistem\u00e1tica que enfrentan las personas LGBTIQ+ en el pa\u00eds, en especial las personas trans, quienes siguen siendo blanco de ataques que no solo buscan silenciar sus cuerpos, sino tambi\u00e9n borrar sus existencias&#8221;, manifiestan en un comunicado.<\/p>\n<p>Con el de Sara Millerey, Caribe Afirmativo afirma que ya son 24 personas LGBTIQ+ asesinadas en Colombia en lo que va del a\u00f1o, y esa organizaci\u00f3n alerta que se trata de &#8220;una cifra alarmante que sigue creciendo sin respuestas efectivas del Estado&#8221;.\u00a0<b>Antioquia sigue siendo el territorio con m\u00e1s casos: de los 24 casos documentados 13 de estos ocurrieron en ese departamento<\/b>.<\/p>\n<p>&#8220;La mayor\u00eda de estos cr\u00edmenes -denuncia la organizaci\u00f3n- ocurren a plena luz del d\u00eda, en espacios p\u00fablicos, frente a testigos silenciosos y con la indiferencia o complicidad de muchas personas y autoridades. Esa misma indiferencia fue la que conden\u00f3 a Sara a no recibir auxilio inmediato&#8221;.<\/p>\n<p>&nbsp;<\/p>\n<p>WILLIAM MORENO HERN\u00c1NDEZ<br \/>\nCOORDINADOR DIGITAL NOTICIAS CARACOL<\/p>\n","protected":false},"excerpt":{"rendered":"<p>Las desgarradoras im\u00e1genes circulan en redes sociales.\u00a0Se observa a una mujer, visiblemente golpeada, en una quebrada. Una persona la graba por varios segundos -es el video que se hizo viral-, pero no la auxilia.\u00a0Nadie lo hace mientras dura la grabaci\u00f3n, a pesar de que ella se queja del dolor. Horas m\u00e1s tarde se confirm\u00f3 que [&hellip;]<\/p>\n","protected":false},"author":2,"featured_media":214670,"comment_status":"closed","ping_status":"closed","sticky":false,"template":"","format":"standard","meta":{"footnotes":""},"categories":[12870,182],"tags":[12865,12871],"class_list":["post-214669","post","type-post","status-publish","format-standard","has-post-thumbnail","hentry","category-destacadas","category-internacional","tag-destacadas","tag-internacional"],"jetpack_featured_media_url":"https:\/\/rnoticias.com.mx\/Portal\/wp-content\/uploads\/2025\/04\/descarga-2.webp","amp_enabled":true,"_links":{"self":[{"href":"https:\/\/rnoticias.com.mx\/Portal\/wp-json\/wp\/v2\/posts\/214669","targetHints":{"allow":["GET"]}}],"collection":[{"href":"https:\/\/rnoticias.com.mx\/Portal\/wp-json\/wp\/v2\/posts"}],"about":[{"href":"https:\/\/rnoticias.com.mx\/Portal\/wp-json\/wp\/v2\/types\/post"}],"author":[{"embeddable":true,"href":"https:\/\/rnoticias.com.mx\/Portal\/wp-json\/wp\/v2\/users\/2"}],"replies":[{"embeddable":true,"href":"https:\/\/rnoticias.com.mx\/Portal\/wp-json\/wp\/v2\/comments?post=214669"}],"version-history":[{"count":1,"href":"https:\/\/rnoticias.com.mx\/Portal\/wp-json\/wp\/v2\/posts\/214669\/revisions"}],"predecessor-version":[{"id":214671,"href":"https:\/\/rnoticias.com.mx\/Portal\/wp-json\/wp\/v2\/posts\/214669\/revisions\/214671"}],"wp:featuredmedia":[{"embeddable":true,"href":"https:\/\/rnoticias.com.mx\/Portal\/wp-json\/wp\/v2\/media\/214670"}],"wp:attachment":[{"href":"https:\/\/rnoticias.com.mx\/Portal\/wp-json\/wp\/v2\/media?parent=214669"}],"wp:term":[{"taxonomy":"category","embeddable":true,"href":"https:\/\/rnoticias.com.mx\/Portal\/wp-json\/wp\/v2\/categories?post=214669"},{"taxonomy":"post_tag","embeddable":true,"href":"https:\/\/rnoticias.com.mx\/Portal\/wp-json\/wp\/v2\/tags?post=214669"}],"curies":[{"name":"wp","href":"https:\/\/api.w.org\/{rel}","templated":true}]}}