{"id":214659,"date":"2025-04-11T02:09:44","date_gmt":"2025-04-11T02:09:44","guid":{"rendered":"https:\/\/rnoticias.com.mx\/Portal\/?p=214659"},"modified":"2025-04-11T02:09:44","modified_gmt":"2025-04-11T02:09:44","slug":"eligen-nuevo-presidente-del-comite-de-vendedores-ambulantes-de-la-ctm-hermosillo","status":"publish","type":"post","link":"https:\/\/rnoticias.com.mx\/Portal\/2025\/04\/11\/eligen-nuevo-presidente-del-comite-de-vendedores-ambulantes-de-la-ctm-hermosillo\/","title":{"rendered":"Eligen nuevo presidente del comit\u00e9 de vendedores ambulantes de la CTM Hermosillo"},"content":{"rendered":"<p>Hermosillo, Sonora; 10 de abril de 2025.\u2013 A fin de reorganizar a los vendedores ambulantes adheridos a la CTM Hermosillo, y conforme a lo establecido en su estatuto, se llev\u00f3 a cabo el proceso de elecci\u00f3n interna en el que result\u00f3 electo Gonzalo Bautista Gonz\u00e1lez como nuevo presidente.<\/p>\n<p>Con esta nueva dirigencia se busca reactivar la organizaci\u00f3n de los vendedores ambulantes, a trav\u00e9s de una estructura m\u00e1s cercana, activa y comprometida con las causas de las y los comerciantes en la v\u00eda p\u00fablica, puestos fijos y semifijos. La CTM respalda firmemente al nuevo comit\u00e9, que asume la responsabilidad de representar con dignidad y compromiso a quienes integran el comercio ambulante en Hermosillo.<\/p>\n<p>La toma de protesta oficial del nuevo comit\u00e9, que se realizar\u00e1 en las pr\u00f3ximas semanas, dar\u00e1 formalidad al compromiso de fortalecer este sector de la organizaci\u00f3n obrera mediante la mejora de las condiciones laborales de quienes impulsan la econom\u00eda desde el espacio p\u00fablico, as\u00ed como la apertura de canales de di\u00e1logo con las autoridades para avanzar en la dignificaci\u00f3n del trabajo que realizan cientos de familias en Hermosillenses.<\/p>\n","protected":false},"excerpt":{"rendered":"<p>Hermosillo, Sonora; 10 de abril de 2025.\u2013 A fin de reorganizar a los vendedores ambulantes adheridos a la CTM Hermosillo, y conforme a lo establecido en su estatuto, se llev\u00f3 a cabo el proceso de elecci\u00f3n interna en el que result\u00f3 electo Gonzalo Bautista Gonz\u00e1lez como nuevo presidente. Con esta nueva dirigencia se busca reactivar [&hellip;]<\/p>\n","protected":false},"author":2,"featured_media":214660,"comment_status":"closed","ping_status":"closed","sticky":false,"template":"","format":"standard","meta":{"footnotes":""},"categories":[12870,178],"tags":[12865,12869],"class_list":["post-214659","post","type-post","status-publish","format-standard","has-post-thumbnail","hentry","category-destacadas","category-local","tag-destacadas","tag-local"],"jetpack_featured_media_url":"https:\/\/rnoticias.com.mx\/Portal\/wp-content\/uploads\/2025\/04\/905d86ae-867f-4b8f-b98f-9e8092edf8f1.jpg","amp_enabled":true,"_links":{"self":[{"href":"https:\/\/rnoticias.com.mx\/Portal\/wp-json\/wp\/v2\/posts\/214659","targetHints":{"allow":["GET"]}}],"collection":[{"href":"https:\/\/rnoticias.com.mx\/Portal\/wp-json\/wp\/v2\/posts"}],"about":[{"href":"https:\/\/rnoticias.com.mx\/Portal\/wp-json\/wp\/v2\/types\/post"}],"author":[{"embeddable":true,"href":"https:\/\/rnoticias.com.mx\/Portal\/wp-json\/wp\/v2\/users\/2"}],"replies":[{"embeddable":true,"href":"https:\/\/rnoticias.com.mx\/Portal\/wp-json\/wp\/v2\/comments?post=214659"}],"version-history":[{"count":1,"href":"https:\/\/rnoticias.com.mx\/Portal\/wp-json\/wp\/v2\/posts\/214659\/revisions"}],"predecessor-version":[{"id":214661,"href":"https:\/\/rnoticias.com.mx\/Portal\/wp-json\/wp\/v2\/posts\/214659\/revisions\/214661"}],"wp:featuredmedia":[{"embeddable":true,"href":"https:\/\/rnoticias.com.mx\/Portal\/wp-json\/wp\/v2\/media\/214660"}],"wp:attachment":[{"href":"https:\/\/rnoticias.com.mx\/Portal\/wp-json\/wp\/v2\/media?parent=214659"}],"wp:term":[{"taxonomy":"category","embeddable":true,"href":"https:\/\/rnoticias.com.mx\/Portal\/wp-json\/wp\/v2\/categories?post=214659"},{"taxonomy":"post_tag","embeddable":true,"href":"https:\/\/rnoticias.com.mx\/Portal\/wp-json\/wp\/v2\/tags?post=214659"}],"curies":[{"name":"wp","href":"https:\/\/api.w.org\/{rel}","templated":true}]}}