{"id":214647,"date":"2025-04-11T01:15:25","date_gmt":"2025-04-11T01:15:25","guid":{"rendered":"https:\/\/rnoticias.com.mx\/Portal\/?p=214647"},"modified":"2025-04-11T01:15:25","modified_gmt":"2025-04-11T01:15:25","slug":"reciben-jinetes-capacitacion-para-participar-en-manifestacion-de-expo-gan-2025","status":"publish","type":"post","link":"https:\/\/rnoticias.com.mx\/Portal\/2025\/04\/11\/reciben-jinetes-capacitacion-para-participar-en-manifestacion-de-expo-gan-2025\/","title":{"rendered":"Reciben jinetes capacitaci\u00f3n para participar en manifestaci\u00f3n de Expo Gan 2025"},"content":{"rendered":"<p>M\u00e1s de 50 alumnos que forman parte del Centro de Capacitaci\u00f3n Ganadera de M\u00e9xico capitulo Sonora, van a ser preparados de manera integral para formar parte de la pr\u00f3xima manifestaci\u00f3n ganadera y la cual marca el inicio de la Expo Gan 2025.<\/p>\n<p>&nbsp;<\/p>\n<p>Carmen Palacios Abechuco directora del ese centro de capacitaci\u00f3n en Sonora, dio a conocer que debido a que esos j\u00f3venes van a participar en esa tradicional manifestaci\u00f3n el pr\u00f3ximo domingo 27 de abril montando a caballo, van a recibir capacitaci\u00f3n por expertos en diferentes temas con el fin de prevenir accidentes y que haya saldo blanco.<\/p>\n<p>&nbsp;<\/p>\n<p><strong>\u00a0\u201cEstamos organizando al alumnado que nos acompa\u00f1ar\u00e1 a caballo, pero no es solo limpiar el caballo, ponerlo bonito, ensillarlo y caminar, sino que los muchachos que se registran previamente deben de llevar una capacitaci\u00f3n de protecci\u00f3n civil, llevan una pl\u00e1tica sobre salud y bienestar animal por el colegio veterinario del estado de Sonora\u201d, dijo.<\/strong><\/p>\n<p><strong>\u00a0<\/strong><\/p>\n<p>A\u00f1adi\u00f3, que tambi\u00e9n se les dar\u00e1 capacitaci\u00f3n sobre el tipo de herraduras que deber\u00e1n portar los caballos que participen en esa manifestaci\u00f3n a fin de evitar derrapes y todo encaminado a que haya una mayor educaci\u00f3n integral una vez que se monten en esos animales.<\/p>\n<p><strong>\u00a0<\/strong><\/p>\n<p>&nbsp;<\/p>\n<p>&nbsp;<\/p>\n","protected":false},"excerpt":{"rendered":"<p>M\u00e1s de 50 alumnos que forman parte del Centro de Capacitaci\u00f3n Ganadera de M\u00e9xico capitulo Sonora, van a ser preparados de manera integral para formar parte de la pr\u00f3xima manifestaci\u00f3n ganadera y la cual marca el inicio de la Expo Gan 2025. &nbsp; Carmen Palacios Abechuco directora del ese centro de capacitaci\u00f3n en Sonora, dio [&hellip;]<\/p>\n","protected":false},"author":2,"featured_media":214648,"comment_status":"closed","ping_status":"closed","sticky":false,"template":"","format":"standard","meta":{"footnotes":""},"categories":[12870,178],"tags":[12865,12869],"class_list":["post-214647","post","type-post","status-publish","format-standard","has-post-thumbnail","hentry","category-destacadas","category-local","tag-destacadas","tag-local"],"jetpack_featured_media_url":"https:\/\/rnoticias.com.mx\/Portal\/wp-content\/uploads\/2025\/04\/expo22.jpg","amp_enabled":true,"_links":{"self":[{"href":"https:\/\/rnoticias.com.mx\/Portal\/wp-json\/wp\/v2\/posts\/214647","targetHints":{"allow":["GET"]}}],"collection":[{"href":"https:\/\/rnoticias.com.mx\/Portal\/wp-json\/wp\/v2\/posts"}],"about":[{"href":"https:\/\/rnoticias.com.mx\/Portal\/wp-json\/wp\/v2\/types\/post"}],"author":[{"embeddable":true,"href":"https:\/\/rnoticias.com.mx\/Portal\/wp-json\/wp\/v2\/users\/2"}],"replies":[{"embeddable":true,"href":"https:\/\/rnoticias.com.mx\/Portal\/wp-json\/wp\/v2\/comments?post=214647"}],"version-history":[{"count":1,"href":"https:\/\/rnoticias.com.mx\/Portal\/wp-json\/wp\/v2\/posts\/214647\/revisions"}],"predecessor-version":[{"id":214649,"href":"https:\/\/rnoticias.com.mx\/Portal\/wp-json\/wp\/v2\/posts\/214647\/revisions\/214649"}],"wp:featuredmedia":[{"embeddable":true,"href":"https:\/\/rnoticias.com.mx\/Portal\/wp-json\/wp\/v2\/media\/214648"}],"wp:attachment":[{"href":"https:\/\/rnoticias.com.mx\/Portal\/wp-json\/wp\/v2\/media?parent=214647"}],"wp:term":[{"taxonomy":"category","embeddable":true,"href":"https:\/\/rnoticias.com.mx\/Portal\/wp-json\/wp\/v2\/categories?post=214647"},{"taxonomy":"post_tag","embeddable":true,"href":"https:\/\/rnoticias.com.mx\/Portal\/wp-json\/wp\/v2\/tags?post=214647"}],"curies":[{"name":"wp","href":"https:\/\/api.w.org\/{rel}","templated":true}]}}