{"id":214641,"date":"2025-04-11T01:13:20","date_gmt":"2025-04-11T01:13:20","guid":{"rendered":"https:\/\/rnoticias.com.mx\/Portal\/?p=214641"},"modified":"2025-04-11T01:13:20","modified_gmt":"2025-04-11T01:13:20","slug":"se-suma-fovissste-sonora-a-campana-nacional-de-actualizacion-de-datos","status":"publish","type":"post","link":"https:\/\/rnoticias.com.mx\/Portal\/2025\/04\/11\/se-suma-fovissste-sonora-a-campana-nacional-de-actualizacion-de-datos\/","title":{"rendered":"Se suma Fovissste Sonora a campa\u00f1a nacional de actualizaci\u00f3n de datos"},"content":{"rendered":"<p>El Fondo de la Vivienda del Instituto de Seguridad y Servicios Sociales de los Trabajadores del Estado (Fovissste), hace un exhorto a su derechohabiencia de Sonora para atender un programa federal de actualizaci\u00f3n de datos de sus estados de cuenta.<\/p>\n<p><strong>\u00a0<\/strong><\/p>\n<p>Miriam Sharisma Valenzuela S\u00e1nchez, Coordinadora estatal en actividades en materia de vivienda de Fovissste en Sonora, dio a conocer que esa campa\u00f1a nacional es para un universo de 400 mil derechohabientes a quienes se les invita a actualizar sus datos con la instituci\u00f3n y de esa manera puedan acceder a programas y beneficios con el propio Fovissste.<\/p>\n<p>&nbsp;<\/p>\n<p><strong>\u00a0\u201cCu\u00e1l es el primer paso, hay que estar en contacto con las redes y hablar al 800 368 47 83, tambi\u00e9n es WhatsApp. Ah\u00ed ustedes van a proporcionar su nombre, domicilio y sobre todo datos de contacto como un correo electr\u00f3nico y n\u00fameros telef\u00f3nicos donde se les pueda marcar. Esa es la primera etapa\u201d, dijo.<\/strong><\/p>\n<p><strong>\u00a0<\/strong><\/p>\n<p>A\u00f1adi\u00f3, que posteriormente, se les enviar\u00e1 un mensaje para verificar que la informaci\u00f3n se subi\u00f3 correctamente a la plataforma de la dependencia y adem\u00e1s que son posibles beneficiarios para los diferentes programas de apoyo a acreditados.<\/p>\n<p>&nbsp;<\/p>\n<p>Por \u00faltimo, mencion\u00f3 que, en el caso del estado de Sonora, la dependencia federal cuenta con un poco m\u00e1s de 47 mil cr\u00e9ditos y por ello a cada uno de ellos es que se hace extensiva esta invitaci\u00f3n a ese programa de actualizaci\u00f3n de datos de sus estados de cuenta.<\/p>\n<p>&nbsp;<\/p>\n<p><strong>\u201cInvitar a todos los acreditados de Fovissste para que cumplan con esta actualizaci\u00f3n, la cual solo estar\u00e1 vigente durante 180 d\u00edas, ya que, de esa forma, teniendo todos sus datos en regla, pueden ser acreedores a otros cr\u00e9ditos que la instituci\u00f3n cuenta\u201d, culmin\u00f3.<\/strong><\/p>\n<p><strong>\u00a0<\/strong><\/p>\n<p><strong>\u00a0<\/strong><\/p>\n","protected":false},"excerpt":{"rendered":"<p>El Fondo de la Vivienda del Instituto de Seguridad y Servicios Sociales de los Trabajadores del Estado (Fovissste), hace un exhorto a su derechohabiencia de Sonora para atender un programa federal de actualizaci\u00f3n de datos de sus estados de cuenta. \u00a0 Miriam Sharisma Valenzuela S\u00e1nchez, Coordinadora estatal en actividades en materia de vivienda de Fovissste [&hellip;]<\/p>\n","protected":false},"author":2,"featured_media":214642,"comment_status":"closed","ping_status":"closed","sticky":false,"template":"","format":"standard","meta":{"footnotes":""},"categories":[12870,178],"tags":[12865,12869],"class_list":["post-214641","post","type-post","status-publish","format-standard","has-post-thumbnail","hentry","category-destacadas","category-local","tag-destacadas","tag-local"],"jetpack_featured_media_url":"https:\/\/rnoticias.com.mx\/Portal\/wp-content\/uploads\/2025\/04\/af006f46-3fff-4f7f-aa38-32cb3736653f.jpg","amp_enabled":true,"_links":{"self":[{"href":"https:\/\/rnoticias.com.mx\/Portal\/wp-json\/wp\/v2\/posts\/214641","targetHints":{"allow":["GET"]}}],"collection":[{"href":"https:\/\/rnoticias.com.mx\/Portal\/wp-json\/wp\/v2\/posts"}],"about":[{"href":"https:\/\/rnoticias.com.mx\/Portal\/wp-json\/wp\/v2\/types\/post"}],"author":[{"embeddable":true,"href":"https:\/\/rnoticias.com.mx\/Portal\/wp-json\/wp\/v2\/users\/2"}],"replies":[{"embeddable":true,"href":"https:\/\/rnoticias.com.mx\/Portal\/wp-json\/wp\/v2\/comments?post=214641"}],"version-history":[{"count":1,"href":"https:\/\/rnoticias.com.mx\/Portal\/wp-json\/wp\/v2\/posts\/214641\/revisions"}],"predecessor-version":[{"id":214643,"href":"https:\/\/rnoticias.com.mx\/Portal\/wp-json\/wp\/v2\/posts\/214641\/revisions\/214643"}],"wp:featuredmedia":[{"embeddable":true,"href":"https:\/\/rnoticias.com.mx\/Portal\/wp-json\/wp\/v2\/media\/214642"}],"wp:attachment":[{"href":"https:\/\/rnoticias.com.mx\/Portal\/wp-json\/wp\/v2\/media?parent=214641"}],"wp:term":[{"taxonomy":"category","embeddable":true,"href":"https:\/\/rnoticias.com.mx\/Portal\/wp-json\/wp\/v2\/categories?post=214641"},{"taxonomy":"post_tag","embeddable":true,"href":"https:\/\/rnoticias.com.mx\/Portal\/wp-json\/wp\/v2\/tags?post=214641"}],"curies":[{"name":"wp","href":"https:\/\/api.w.org\/{rel}","templated":true}]}}