{"id":214638,"date":"2025-04-11T01:08:38","date_gmt":"2025-04-11T01:08:38","guid":{"rendered":"https:\/\/rnoticias.com.mx\/Portal\/?p=214638"},"modified":"2025-04-11T01:08:38","modified_gmt":"2025-04-11T01:08:38","slug":"llama-gobierno-de-sonora-a-cuidar-y-vigilar-escuelas-durante-el-periodo-vacacional","status":"publish","type":"post","link":"https:\/\/rnoticias.com.mx\/Portal\/2025\/04\/11\/llama-gobierno-de-sonora-a-cuidar-y-vigilar-escuelas-durante-el-periodo-vacacional\/","title":{"rendered":"Llama Gobierno de Sonora a cuidar y vigilar escuelas durante el per\u00edodo vacacional"},"content":{"rendered":"<p>Hermosillo, Sonora; 10 de abril de 2025.- El Gobierno de Sonora, a trav\u00e9s de la Secretar\u00eda de Educaci\u00f3n y Cultura (SEC), hizo un llamado a la ciudadan\u00eda para sumarse al programa \u201cEscuela Segura Siempre\u201d, con el objetivo de vigilar los planteles educativos durante el per\u00edodo vacacional de primavera y evitar que sean objeto de robos y da\u00f1os.<\/p>\n<p>El titular de la SEC, Froyl\u00e1n G\u00e1mez Gamboa, resalt\u00f3 la importancia de la colaboraci\u00f3n con las autoridades de seguridad p\u00fablica y la participaci\u00f3n de padres y madres de familia, tutores y vecinos de las escuelas para salvaguardar las instalaciones educativas, reportando al 9-1-1 cualquier actividad sospechosa al interior o exterior de las mismas.<\/p>\n<p>Indic\u00f3 que, durante el per\u00edodo vacacional de primavera, del 14 al 25 de abril, m\u00e1s de 460 mil estudiantes de escuelas p\u00fablicas de nivel b\u00e1sico estar\u00e1n de vacaciones, y se focalizar\u00e1n los esfuerzos en centros escolares con alta incidencia delictiva o que se ubiquen en colonias y sectores vulnerables, de acuerdo con la Secretar\u00eda de Seguridad P\u00fablica, con la cual se trabaja de manera coordinada.<\/p>\n<p>G\u00e1mez Gamboa se\u00f1al\u00f3 que previamente se han reforzado diversas acciones y estrategias, con el apoyo de las comunidades escolares y la ciudadan\u00eda, lo que ha contribuido a la disminuci\u00f3n del porcentaje de robos y da\u00f1os. Esto favorece el cuidado del patrimonio escolar y estrecha lazos con la comunidad para que vea en los planteles una extensi\u00f3n del hogar.<\/p>\n<p>El funcionario estatal agradeci\u00f3 la participaci\u00f3n de los integrantes de los mil 888 Comit\u00e9s de Protecci\u00f3n Civil y Seguridad Escolar activos, quienes difunden las estrategias de prevenci\u00f3n para salvaguardar el patrimonio educativo de los sonorenses.<\/p>\n<p>Asimismo, indic\u00f3 que, en colaboraci\u00f3n con los ayuntamientos de los municipios con mayor densidad poblacional, como Cajeme, San Luis R\u00edo Colorado, Nogales, Agua Prieta, Navojoa y Guaymas, entre otros, se estima que, al finalizar el per\u00edodo de asueto, las clases se reanudar\u00e1n sin contratiempos en todos los planteles.<\/p>\n","protected":false},"excerpt":{"rendered":"<p>Hermosillo, Sonora; 10 de abril de 2025.- El Gobierno de Sonora, a trav\u00e9s de la Secretar\u00eda de Educaci\u00f3n y Cultura (SEC), hizo un llamado a la ciudadan\u00eda para sumarse al programa \u201cEscuela Segura Siempre\u201d, con el objetivo de vigilar los planteles educativos durante el per\u00edodo vacacional de primavera y evitar que sean objeto de robos [&hellip;]<\/p>\n","protected":false},"author":2,"featured_media":214639,"comment_status":"closed","ping_status":"closed","sticky":false,"template":"","format":"standard","meta":{"footnotes":""},"categories":[12870,178],"tags":[12865,12869],"class_list":["post-214638","post","type-post","status-publish","format-standard","has-post-thumbnail","hentry","category-destacadas","category-local","tag-destacadas","tag-local"],"jetpack_featured_media_url":"https:\/\/rnoticias.com.mx\/Portal\/wp-content\/uploads\/2025\/04\/unnamed-46.jpg","amp_enabled":true,"_links":{"self":[{"href":"https:\/\/rnoticias.com.mx\/Portal\/wp-json\/wp\/v2\/posts\/214638","targetHints":{"allow":["GET"]}}],"collection":[{"href":"https:\/\/rnoticias.com.mx\/Portal\/wp-json\/wp\/v2\/posts"}],"about":[{"href":"https:\/\/rnoticias.com.mx\/Portal\/wp-json\/wp\/v2\/types\/post"}],"author":[{"embeddable":true,"href":"https:\/\/rnoticias.com.mx\/Portal\/wp-json\/wp\/v2\/users\/2"}],"replies":[{"embeddable":true,"href":"https:\/\/rnoticias.com.mx\/Portal\/wp-json\/wp\/v2\/comments?post=214638"}],"version-history":[{"count":1,"href":"https:\/\/rnoticias.com.mx\/Portal\/wp-json\/wp\/v2\/posts\/214638\/revisions"}],"predecessor-version":[{"id":214640,"href":"https:\/\/rnoticias.com.mx\/Portal\/wp-json\/wp\/v2\/posts\/214638\/revisions\/214640"}],"wp:featuredmedia":[{"embeddable":true,"href":"https:\/\/rnoticias.com.mx\/Portal\/wp-json\/wp\/v2\/media\/214639"}],"wp:attachment":[{"href":"https:\/\/rnoticias.com.mx\/Portal\/wp-json\/wp\/v2\/media?parent=214638"}],"wp:term":[{"taxonomy":"category","embeddable":true,"href":"https:\/\/rnoticias.com.mx\/Portal\/wp-json\/wp\/v2\/categories?post=214638"},{"taxonomy":"post_tag","embeddable":true,"href":"https:\/\/rnoticias.com.mx\/Portal\/wp-json\/wp\/v2\/tags?post=214638"}],"curies":[{"name":"wp","href":"https:\/\/api.w.org\/{rel}","templated":true}]}}